{"id":31812,"date":"2025-09-30T13:11:17","date_gmt":"2025-09-30T19:11:17","guid":{"rendered":"https:\/\/apan.gob.mx\/portal\/?p=31812"},"modified":"2025-12-15T13:15:34","modified_gmt":"2025-12-15T19:15:34","slug":"apan-fortalece-a-emprendedores-con-capacitacion-empresarial","status":"publish","type":"post","link":"https:\/\/apan.gob.mx\/portal\/2025\/09\/30\/apan-fortalece-a-emprendedores-con-capacitacion-empresarial\/","title":{"rendered":"Apan fortalece a emprendedores con capacitaci\u00f3n empresarial"},"content":{"rendered":"\n<p>El Gobierno Municipal de Apan llev\u00f3 a cabo la <strong>Capacitaci\u00f3n en Finanzas y Diagn\u00f3stico Empresarial<\/strong>, un programa estrat\u00e9gico orientado a fortalecer a las y los emprendedores del municipio, as\u00ed como a contribuir a la sostenibilidad y crecimiento de las micro y peque\u00f1as empresas locales.<\/p>\n\n\n\n<p>Esta acci\u00f3n se desarroll\u00f3 bajo el liderazgo de la <strong>Dra. Zorayda Robles, presidenta municipal de Apan<\/strong>, quien ha establecido como una prioridad el impulso al desarrollo econ\u00f3mico local. A trav\u00e9s de la <strong>Direcci\u00f3n de Desarrollo Econ\u00f3mico<\/strong>, se brindaron herramientas pr\u00e1cticas que permiten a las y los empresarios conocer la situaci\u00f3n actual de sus negocios, identificar fortalezas y \u00e1reas de oportunidad, y tomar decisiones informadas para mejorar su desempe\u00f1o y competitividad.<\/p>\n\n\n\n<div class=\"wp-block-columns is-not-stacked-on-mobile is-layout-flex wp-container-core-columns-is-layout-28f84493 wp-block-columns-is-layout-flex\">\n<div class=\"wp-block-column is-layout-flow wp-block-column-is-layout-flow\">\n<figure class=\"wp-block-image size-large\"><img data-recalc-dims=\"1\" fetchpriority=\"high\" decoding=\"async\" width=\"1024\" height=\"683\" src=\"https:\/\/i0.wp.com\/apan.gob.mx\/portal\/wp-content\/uploads\/2025\/12\/556833706_122177139224523619_1159026193103312862_n.jpg?resize=1024%2C683&#038;ssl=1\" alt=\"\" class=\"wp-image-31814\" srcset=\"https:\/\/i0.wp.com\/apan.gob.mx\/portal\/wp-content\/uploads\/2025\/12\/556833706_122177139224523619_1159026193103312862_n.jpg?resize=1024%2C683&amp;ssl=1 1024w, https:\/\/i0.wp.com\/apan.gob.mx\/portal\/wp-content\/uploads\/2025\/12\/556833706_122177139224523619_1159026193103312862_n.jpg?resize=300%2C200&amp;ssl=1 300w, https:\/\/i0.wp.com\/apan.gob.mx\/portal\/wp-content\/uploads\/2025\/12\/556833706_122177139224523619_1159026193103312862_n.jpg?resize=768%2C512&amp;ssl=1 768w, https:\/\/i0.wp.com\/apan.gob.mx\/portal\/wp-content\/uploads\/2025\/12\/556833706_122177139224523619_1159026193103312862_n.jpg?resize=1536%2C1024&amp;ssl=1 1536w, https:\/\/i0.wp.com\/apan.gob.mx\/portal\/wp-content\/uploads\/2025\/12\/556833706_122177139224523619_1159026193103312862_n.jpg?w=2048&amp;ssl=1 2048w\" sizes=\"(max-width: 1000px) 100vw, 1000px\" \/><\/figure>\n<\/div>\n\n\n\n<div class=\"wp-block-column is-layout-flow wp-block-column-is-layout-flow\">\n<figure class=\"wp-block-image size-large\"><img data-recalc-dims=\"1\" decoding=\"async\" width=\"1024\" height=\"683\" src=\"https:\/\/i0.wp.com\/apan.gob.mx\/portal\/wp-content\/uploads\/2025\/12\/557549993_122177139188523619_778927539290993741_n.jpg?resize=1024%2C683&#038;ssl=1\" alt=\"\" class=\"wp-image-31815\" srcset=\"https:\/\/i0.wp.com\/apan.gob.mx\/portal\/wp-content\/uploads\/2025\/12\/557549993_122177139188523619_778927539290993741_n.jpg?resize=1024%2C683&amp;ssl=1 1024w, https:\/\/i0.wp.com\/apan.gob.mx\/portal\/wp-content\/uploads\/2025\/12\/557549993_122177139188523619_778927539290993741_n.jpg?resize=300%2C200&amp;ssl=1 300w, https:\/\/i0.wp.com\/apan.gob.mx\/portal\/wp-content\/uploads\/2025\/12\/557549993_122177139188523619_778927539290993741_n.jpg?resize=768%2C512&amp;ssl=1 768w, https:\/\/i0.wp.com\/apan.gob.mx\/portal\/wp-content\/uploads\/2025\/12\/557549993_122177139188523619_778927539290993741_n.jpg?resize=1536%2C1024&amp;ssl=1 1536w, https:\/\/i0.wp.com\/apan.gob.mx\/portal\/wp-content\/uploads\/2025\/12\/557549993_122177139188523619_778927539290993741_n.jpg?w=2048&amp;ssl=1 2048w\" sizes=\"(max-width: 1000px) 100vw, 1000px\" \/><\/figure>\n<\/div>\n<\/div>\n\n\n\n<p>La capacitaci\u00f3n estuvo enfocada en proporcionar conocimientos clave en materia financiera y de diagn\u00f3stico empresarial, fundamentales para el fortalecimiento de los proyectos productivos y la consolidaci\u00f3n de empresas m\u00e1s s\u00f3lidas y sustentables en el municipio.<\/p>\n\n\n\n<p>El Gobierno Municipal de Apan refrenda su compromiso de continuar implementando programas de formaci\u00f3n que impulsen el desarrollo de habilidades empresariales, como la creaci\u00f3n de empresas, la gesti\u00f3n financiera, el an\u00e1lisis de mercados y las estrategias de comercializaci\u00f3n, con el objetivo de construir un <strong>municipio m\u00e1s pr\u00f3spero, competitivo y con mayores oportunidades para todas y todos<\/strong>.<\/p>\n\n\n\n<figure class=\"wp-block-image size-large\"><img data-recalc-dims=\"1\" decoding=\"async\" width=\"1024\" height=\"683\" src=\"https:\/\/i0.wp.com\/apan.gob.mx\/portal\/wp-content\/uploads\/2025\/12\/556851480_122177139218523619_1078391171407661763_n.jpg?resize=1024%2C683&#038;ssl=1\" alt=\"\" class=\"wp-image-31816\" srcset=\"https:\/\/i0.wp.com\/apan.gob.mx\/portal\/wp-content\/uploads\/2025\/12\/556851480_122177139218523619_1078391171407661763_n.jpg?resize=1024%2C683&amp;ssl=1 1024w, https:\/\/i0.wp.com\/apan.gob.mx\/portal\/wp-content\/uploads\/2025\/12\/556851480_122177139218523619_1078391171407661763_n.jpg?resize=300%2C200&amp;ssl=1 300w, https:\/\/i0.wp.com\/apan.gob.mx\/portal\/wp-content\/uploads\/2025\/12\/556851480_122177139218523619_1078391171407661763_n.jpg?resize=768%2C512&amp;ssl=1 768w, https:\/\/i0.wp.com\/apan.gob.mx\/portal\/wp-content\/uploads\/2025\/12\/556851480_122177139218523619_1078391171407661763_n.jpg?resize=1536%2C1024&amp;ssl=1 1536w, https:\/\/i0.wp.com\/apan.gob.mx\/portal\/wp-content\/uploads\/2025\/12\/556851480_122177139218523619_1078391171407661763_n.jpg?w=2048&amp;ssl=1 2048w\" sizes=\"(max-width: 1000px) 100vw, 1000px\" \/><\/figure>\n\n\n\n<p><\/p>\n","protected":false},"excerpt":{"rendered":"<p>El Gobierno Municipal de Apan llev\u00f3 a cabo la Capacitaci\u00f3n en Finanzas y Diagn\u00f3stico Empresarial, un programa estrat\u00e9gico orientado a fortalecer a las y los emprendedores del municipio, as\u00ed como a contribuir a la sostenibilidad y crecimiento de las micro y peque\u00f1as empresas locales. Esta acci\u00f3n se desarroll\u00f3 bajo el liderazgo de la Dra. Zorayda [&hellip;]<\/p>\n","protected":false},"author":4,"featured_media":31813,"comment_status":"closed","ping_status":"closed","sticky":false,"template":"","format":"standard","meta":{"_jetpack_memberships_contains_paid_content":false,"footnotes":""},"categories":[1],"tags":[],"class_list":["post-31812","post","type-post","status-publish","format-standard","has-post-thumbnail","hentry","category-uncategorized"],"jetpack_featured_media_url":"https:\/\/i0.wp.com\/apan.gob.mx\/portal\/wp-content\/uploads\/2025\/12\/556842553_122177139068523619_6012748622639155275_n.jpg?fit=2048%2C1536&ssl=1","jetpack_sharing_enabled":true,"_links":{"self":[{"href":"https:\/\/apan.gob.mx\/portal\/wp-json\/wp\/v2\/posts\/31812","targetHints":{"allow":["GET"]}}],"collection":[{"href":"https:\/\/apan.gob.mx\/portal\/wp-json\/wp\/v2\/posts"}],"about":[{"href":"https:\/\/apan.gob.mx\/portal\/wp-json\/wp\/v2\/types\/post"}],"author":[{"embeddable":true,"href":"https:\/\/apan.gob.mx\/portal\/wp-json\/wp\/v2\/users\/4"}],"replies":[{"embeddable":true,"href":"https:\/\/apan.gob.mx\/portal\/wp-json\/wp\/v2\/comments?post=31812"}],"version-history":[{"count":1,"href":"https:\/\/apan.gob.mx\/portal\/wp-json\/wp\/v2\/posts\/31812\/revisions"}],"predecessor-version":[{"id":31817,"href":"https:\/\/apan.gob.mx\/portal\/wp-json\/wp\/v2\/posts\/31812\/revisions\/31817"}],"wp:featuredmedia":[{"embeddable":true,"href":"https:\/\/apan.gob.mx\/portal\/wp-json\/wp\/v2\/media\/31813"}],"wp:attachment":[{"href":"https:\/\/apan.gob.mx\/portal\/wp-json\/wp\/v2\/media?parent=31812"}],"wp:term":[{"taxonomy":"category","embeddable":true,"href":"https:\/\/apan.gob.mx\/portal\/wp-json\/wp\/v2\/categories?post=31812"},{"taxonomy":"post_tag","embeddable":true,"href":"https:\/\/apan.gob.mx\/portal\/wp-json\/wp\/v2\/tags?post=31812"}],"curies":[{"name":"wp","href":"https:\/\/api.w.org\/{rel}","templated":true}]}}