{"id":31824,"date":"2025-09-30T13:20:50","date_gmt":"2025-09-30T19:20:50","guid":{"rendered":"https:\/\/apan.gob.mx\/portal\/?p=31824"},"modified":"2025-12-15T13:25:28","modified_gmt":"2025-12-15T19:25:28","slug":"jornada-por-la-paz-y-la-seguridad","status":"publish","type":"post","link":"https:\/\/apan.gob.mx\/portal\/2025\/09\/30\/jornada-por-la-paz-y-la-seguridad\/","title":{"rendered":"Jornada por la Paz y la Seguridad"},"content":{"rendered":"\n<p>En la Escuela Primaria <em>Gregorio Torres Quintero<\/em>, de la colonia L\u00e1zaro C\u00e1rdenas, se llev\u00f3 a cabo la Jornada por la Paz y la Seguridad, un espacio formativo dise\u00f1ado para que ni\u00f1as y ni\u00f1os conozcan de manera cercana la labor de las instituciones que trabajan diariamente por la tranquilidad y el bienestar de la ciudadan\u00eda.<\/p>\n\n\n\n<div class=\"wp-block-columns is-layout-flex wp-container-core-columns-is-layout-28f84493 wp-block-columns-is-layout-flex\">\n<div class=\"wp-block-column is-layout-flow wp-block-column-is-layout-flow\">\n<figure class=\"wp-block-image size-full\"><img data-recalc-dims=\"1\" fetchpriority=\"high\" decoding=\"async\" width=\"881\" height=\"569\" src=\"https:\/\/i0.wp.com\/apan.gob.mx\/portal\/wp-content\/uploads\/2025\/12\/556823639_122177158676523619_519325723794796608_n.jpg?resize=881%2C569&#038;ssl=1\" alt=\"\" class=\"wp-image-31826\" srcset=\"https:\/\/i0.wp.com\/apan.gob.mx\/portal\/wp-content\/uploads\/2025\/12\/556823639_122177158676523619_519325723794796608_n.jpg?w=881&amp;ssl=1 881w, https:\/\/i0.wp.com\/apan.gob.mx\/portal\/wp-content\/uploads\/2025\/12\/556823639_122177158676523619_519325723794796608_n.jpg?resize=300%2C194&amp;ssl=1 300w, https:\/\/i0.wp.com\/apan.gob.mx\/portal\/wp-content\/uploads\/2025\/12\/556823639_122177158676523619_519325723794796608_n.jpg?resize=768%2C496&amp;ssl=1 768w\" sizes=\"(max-width: 881px) 100vw, 881px\" \/><\/figure>\n<\/div>\n\n\n\n<div class=\"wp-block-column is-layout-flow wp-block-column-is-layout-flow\">\n<figure class=\"wp-block-image size-large\"><img data-recalc-dims=\"1\" decoding=\"async\" width=\"1024\" height=\"768\" src=\"https:\/\/i0.wp.com\/apan.gob.mx\/portal\/wp-content\/uploads\/2025\/12\/555895297_122177159132523619_8468161460230610040_n.jpg?resize=1024%2C768&#038;ssl=1\" alt=\"\" class=\"wp-image-31827\" srcset=\"https:\/\/i0.wp.com\/apan.gob.mx\/portal\/wp-content\/uploads\/2025\/12\/555895297_122177159132523619_8468161460230610040_n.jpg?resize=1024%2C768&amp;ssl=1 1024w, https:\/\/i0.wp.com\/apan.gob.mx\/portal\/wp-content\/uploads\/2025\/12\/555895297_122177159132523619_8468161460230610040_n.jpg?resize=300%2C225&amp;ssl=1 300w, https:\/\/i0.wp.com\/apan.gob.mx\/portal\/wp-content\/uploads\/2025\/12\/555895297_122177159132523619_8468161460230610040_n.jpg?resize=768%2C576&amp;ssl=1 768w, https:\/\/i0.wp.com\/apan.gob.mx\/portal\/wp-content\/uploads\/2025\/12\/555895297_122177159132523619_8468161460230610040_n.jpg?resize=1536%2C1152&amp;ssl=1 1536w, https:\/\/i0.wp.com\/apan.gob.mx\/portal\/wp-content\/uploads\/2025\/12\/555895297_122177159132523619_8468161460230610040_n.jpg?w=1600&amp;ssl=1 1600w\" sizes=\"(max-width: 1000px) 100vw, 1000px\" \/><\/figure>\n<\/div>\n<\/div>\n\n\n\n<p>Esta jornada se realiz\u00f3 en coordinaci\u00f3n con el Centro Estatal de Prevenci\u00f3n de la Violencia, la Delincuencia y Participaci\u00f3n Ciudadana; Polic\u00eda Violeta; Polic\u00eda Estatal; H. Cuerpo de Bomberos del Estado de Hidalgo; Polic\u00eda Cibern\u00e9tica C5i; Servicio de Emergencias 911; y la Direcci\u00f3n de Prevenci\u00f3n Social del Municipio de Apan. A trav\u00e9s de actividades din\u00e1micas y educativas, se fortalecieron valores como el respeto, la prevenci\u00f3n, la seguridad y la cultura de la paz.<\/p>\n\n\n\n<figure class=\"wp-block-image size-large\"><img data-recalc-dims=\"1\" decoding=\"async\" width=\"1024\" height=\"670\" src=\"https:\/\/i0.wp.com\/apan.gob.mx\/portal\/wp-content\/uploads\/2025\/12\/557047609_122177158976523619_3581359427304468807_n.jpg?resize=1024%2C670&#038;ssl=1\" alt=\"\" class=\"wp-image-31828\" srcset=\"https:\/\/i0.wp.com\/apan.gob.mx\/portal\/wp-content\/uploads\/2025\/12\/557047609_122177158976523619_3581359427304468807_n.jpg?resize=1024%2C670&amp;ssl=1 1024w, https:\/\/i0.wp.com\/apan.gob.mx\/portal\/wp-content\/uploads\/2025\/12\/557047609_122177158976523619_3581359427304468807_n.jpg?resize=300%2C196&amp;ssl=1 300w, https:\/\/i0.wp.com\/apan.gob.mx\/portal\/wp-content\/uploads\/2025\/12\/557047609_122177158976523619_3581359427304468807_n.jpg?resize=768%2C502&amp;ssl=1 768w, https:\/\/i0.wp.com\/apan.gob.mx\/portal\/wp-content\/uploads\/2025\/12\/557047609_122177158976523619_3581359427304468807_n.jpg?w=1474&amp;ssl=1 1474w\" sizes=\"(max-width: 1000px) 100vw, 1000px\" \/><\/figure>\n\n\n\n<p>Con estas acciones reafirmamos el compromiso de promover una ni\u00f1ez informada, protegida y consciente de la importancia de la prevenci\u00f3n y la seguridad para el desarrollo de un municipio m\u00e1s justo y seguro.<\/p>\n","protected":false},"excerpt":{"rendered":"<p>En la Escuela Primaria Gregorio Torres Quintero, de la colonia L\u00e1zaro C\u00e1rdenas, se llev\u00f3 a cabo la Jornada por la Paz y la Seguridad, un espacio formativo dise\u00f1ado para que ni\u00f1as y ni\u00f1os conozcan de manera cercana la labor de las instituciones que trabajan diariamente por la tranquilidad y el bienestar de la ciudadan\u00eda. Esta [&hellip;]<\/p>\n","protected":false},"author":4,"featured_media":31825,"comment_status":"closed","ping_status":"closed","sticky":false,"template":"","format":"standard","meta":{"_jetpack_memberships_contains_paid_content":false,"footnotes":""},"categories":[1],"tags":[],"class_list":["post-31824","post","type-post","status-publish","format-standard","has-post-thumbnail","hentry","category-uncategorized"],"jetpack_featured_media_url":"https:\/\/i0.wp.com\/apan.gob.mx\/portal\/wp-content\/uploads\/2025\/12\/556227078_122177158916523619_1284960968056320905_n.jpg?fit=1600%2C1200&ssl=1","jetpack_sharing_enabled":true,"_links":{"self":[{"href":"https:\/\/apan.gob.mx\/portal\/wp-json\/wp\/v2\/posts\/31824","targetHints":{"allow":["GET"]}}],"collection":[{"href":"https:\/\/apan.gob.mx\/portal\/wp-json\/wp\/v2\/posts"}],"about":[{"href":"https:\/\/apan.gob.mx\/portal\/wp-json\/wp\/v2\/types\/post"}],"author":[{"embeddable":true,"href":"https:\/\/apan.gob.mx\/portal\/wp-json\/wp\/v2\/users\/4"}],"replies":[{"embeddable":true,"href":"https:\/\/apan.gob.mx\/portal\/wp-json\/wp\/v2\/comments?post=31824"}],"version-history":[{"count":1,"href":"https:\/\/apan.gob.mx\/portal\/wp-json\/wp\/v2\/posts\/31824\/revisions"}],"predecessor-version":[{"id":31829,"href":"https:\/\/apan.gob.mx\/portal\/wp-json\/wp\/v2\/posts\/31824\/revisions\/31829"}],"wp:featuredmedia":[{"embeddable":true,"href":"https:\/\/apan.gob.mx\/portal\/wp-json\/wp\/v2\/media\/31825"}],"wp:attachment":[{"href":"https:\/\/apan.gob.mx\/portal\/wp-json\/wp\/v2\/media?parent=31824"}],"wp:term":[{"taxonomy":"category","embeddable":true,"href":"https:\/\/apan.gob.mx\/portal\/wp-json\/wp\/v2\/categories?post=31824"},{"taxonomy":"post_tag","embeddable":true,"href":"https:\/\/apan.gob.mx\/portal\/wp-json\/wp\/v2\/tags?post=31824"}],"curies":[{"name":"wp","href":"https:\/\/api.w.org\/{rel}","templated":true}]}}