{"id":32140,"date":"2026-01-16T16:23:42","date_gmt":"2026-01-16T22:23:42","guid":{"rendered":"https:\/\/apan.gob.mx\/portal\/?p=32140"},"modified":"2026-01-20T16:28:22","modified_gmt":"2026-01-20T22:28:22","slug":"conmemoran-en-apan-el-157-aniversario-de-la-ereccion-del-estado-de-hidalgo","status":"publish","type":"post","link":"https:\/\/apan.gob.mx\/portal\/2026\/01\/16\/conmemoran-en-apan-el-157-aniversario-de-la-ereccion-del-estado-de-hidalgo\/","title":{"rendered":"Conmemoran en Apan el 157 aniversario de la Erecci\u00f3n del Estado de Hidalgo"},"content":{"rendered":"\n<p>El d\u00eda de hoy se llev\u00f3 a cabo un <strong>Homenaje en Conmemoraci\u00f3n a los 157 a\u00f1os de la Erecci\u00f3n del Estado de Hidalgo<\/strong>, recordando un momento fundamental en la historia de nuestro pa\u00eds y el proceso legislativo que dio origen a una nueva entidad federativa, separada del entonces Estado de M\u00e9xico, para conformar el <strong>Estado Libre y Soberano de Hidalgo<\/strong>.<\/p>\n\n\n\n<figure class=\"wp-block-image size-large\"><img data-recalc-dims=\"1\" fetchpriority=\"high\" decoding=\"async\" width=\"1024\" height=\"683\" src=\"https:\/\/i0.wp.com\/apan.gob.mx\/portal\/wp-content\/uploads\/2026\/01\/615406457_122194311002523619_8375438048199016011_n.jpg?resize=1024%2C683&#038;ssl=1\" alt=\"\" class=\"wp-image-32142\" srcset=\"https:\/\/i0.wp.com\/apan.gob.mx\/portal\/wp-content\/uploads\/2026\/01\/615406457_122194311002523619_8375438048199016011_n.jpg?resize=1024%2C683&amp;ssl=1 1024w, https:\/\/i0.wp.com\/apan.gob.mx\/portal\/wp-content\/uploads\/2026\/01\/615406457_122194311002523619_8375438048199016011_n.jpg?resize=300%2C200&amp;ssl=1 300w, https:\/\/i0.wp.com\/apan.gob.mx\/portal\/wp-content\/uploads\/2026\/01\/615406457_122194311002523619_8375438048199016011_n.jpg?resize=768%2C512&amp;ssl=1 768w, https:\/\/i0.wp.com\/apan.gob.mx\/portal\/wp-content\/uploads\/2026\/01\/615406457_122194311002523619_8375438048199016011_n.jpg?resize=1536%2C1024&amp;ssl=1 1536w, https:\/\/i0.wp.com\/apan.gob.mx\/portal\/wp-content\/uploads\/2026\/01\/615406457_122194311002523619_8375438048199016011_n.jpg?w=2048&amp;ssl=1 2048w\" sizes=\"(max-width: 1000px) 100vw, 1000px\" \/><\/figure>\n\n\n\n<p>Fue el <strong>16 de enero de 1869<\/strong> cuando el Congreso de la Uni\u00f3n emiti\u00f3 el <strong>Decreto de Erecci\u00f3n del Estado de Hidalgo<\/strong>, durante el gobierno del presidente <strong>Benito Ju\u00e1rez<\/strong>. El primer gobernador de la nueva entidad fue <strong>Juan C. Doria<\/strong>, y se le otorg\u00f3 el nombre de Hidalgo en honor a <strong>Miguel Hidalgo y Costilla<\/strong>, padre de la patria e iniciador de la Independencia de M\u00e9xico.<\/p>\n\n\n\n<figure class=\"wp-block-image size-large\"><img data-recalc-dims=\"1\" decoding=\"async\" width=\"1024\" height=\"683\" src=\"https:\/\/i0.wp.com\/apan.gob.mx\/portal\/wp-content\/uploads\/2026\/01\/615247662_122194311272523619_6094168920103479471_n.jpg?resize=1024%2C683&#038;ssl=1\" alt=\"\" class=\"wp-image-32143\" srcset=\"https:\/\/i0.wp.com\/apan.gob.mx\/portal\/wp-content\/uploads\/2026\/01\/615247662_122194311272523619_6094168920103479471_n.jpg?resize=1024%2C683&amp;ssl=1 1024w, https:\/\/i0.wp.com\/apan.gob.mx\/portal\/wp-content\/uploads\/2026\/01\/615247662_122194311272523619_6094168920103479471_n.jpg?resize=300%2C200&amp;ssl=1 300w, https:\/\/i0.wp.com\/apan.gob.mx\/portal\/wp-content\/uploads\/2026\/01\/615247662_122194311272523619_6094168920103479471_n.jpg?resize=768%2C512&amp;ssl=1 768w, https:\/\/i0.wp.com\/apan.gob.mx\/portal\/wp-content\/uploads\/2026\/01\/615247662_122194311272523619_6094168920103479471_n.jpg?resize=1536%2C1024&amp;ssl=1 1536w, https:\/\/i0.wp.com\/apan.gob.mx\/portal\/wp-content\/uploads\/2026\/01\/615247662_122194311272523619_6094168920103479471_n.jpg?w=2048&amp;ssl=1 2048w\" sizes=\"(max-width: 1000px) 100vw, 1000px\" \/><\/figure>\n\n\n\n<p>Este significativo homenaje estuvo a cargo de la <strong>Escuela Primaria Lic. Manuel Sabino Crespo<\/strong> y fue presidido por la <strong>Dra. Zorayda Robles<\/strong>, contando con la participaci\u00f3n de autoridades educativas, as\u00ed como de diversas escuelas que se dieron cita para acompa\u00f1ar este acto conmemorativo.<\/p>\n\n\n\n<figure class=\"wp-block-image size-large\"><img data-recalc-dims=\"1\" decoding=\"async\" width=\"1024\" height=\"683\" src=\"https:\/\/i0.wp.com\/apan.gob.mx\/portal\/wp-content\/uploads\/2026\/01\/616076910_122194311446523619_2802632328400648521_n.jpg?resize=1024%2C683&#038;ssl=1\" alt=\"\" class=\"wp-image-32144\" srcset=\"https:\/\/i0.wp.com\/apan.gob.mx\/portal\/wp-content\/uploads\/2026\/01\/616076910_122194311446523619_2802632328400648521_n.jpg?resize=1024%2C683&amp;ssl=1 1024w, https:\/\/i0.wp.com\/apan.gob.mx\/portal\/wp-content\/uploads\/2026\/01\/616076910_122194311446523619_2802632328400648521_n.jpg?resize=300%2C200&amp;ssl=1 300w, https:\/\/i0.wp.com\/apan.gob.mx\/portal\/wp-content\/uploads\/2026\/01\/616076910_122194311446523619_2802632328400648521_n.jpg?resize=768%2C512&amp;ssl=1 768w, https:\/\/i0.wp.com\/apan.gob.mx\/portal\/wp-content\/uploads\/2026\/01\/616076910_122194311446523619_2802632328400648521_n.jpg?resize=1536%2C1024&amp;ssl=1 1536w, https:\/\/i0.wp.com\/apan.gob.mx\/portal\/wp-content\/uploads\/2026\/01\/616076910_122194311446523619_2802632328400648521_n.jpg?w=2048&amp;ssl=1 2048w\" sizes=\"(max-width: 1000px) 100vw, 1000px\" \/><\/figure>\n\n\n\n<p>El Gobierno Municipal de Apan refrenda la importancia de <strong>recordar nuestra historia como un acto de fortalecimiento de la identidad y el orgullo de ser hidalguenses<\/strong>, promoviendo valores c\u00edvicos que contribuyen a la construcci\u00f3n de un mejor presente y futuro para Apan.<\/p>\n","protected":false},"excerpt":{"rendered":"<p>El d\u00eda de hoy se llev\u00f3 a cabo un Homenaje en Conmemoraci\u00f3n a los 157 a\u00f1os de la Erecci\u00f3n del Estado de Hidalgo, recordando un momento fundamental en la historia de nuestro pa\u00eds y el proceso legislativo que dio origen a una nueva entidad federativa, separada del entonces Estado de M\u00e9xico, para conformar el Estado [&hellip;]<\/p>\n","protected":false},"author":4,"featured_media":32141,"comment_status":"closed","ping_status":"closed","sticky":false,"template":"","format":"standard","meta":{"_jetpack_memberships_contains_paid_content":false,"footnotes":""},"categories":[1],"tags":[],"class_list":["post-32140","post","type-post","status-publish","format-standard","has-post-thumbnail","hentry","category-uncategorized"],"jetpack_featured_media_url":"https:\/\/i0.wp.com\/apan.gob.mx\/portal\/wp-content\/uploads\/2026\/01\/615386401_122194310996523619_6968521772622353186_n.jpg?fit=2048%2C1365&ssl=1","jetpack_sharing_enabled":true,"_links":{"self":[{"href":"https:\/\/apan.gob.mx\/portal\/wp-json\/wp\/v2\/posts\/32140","targetHints":{"allow":["GET"]}}],"collection":[{"href":"https:\/\/apan.gob.mx\/portal\/wp-json\/wp\/v2\/posts"}],"about":[{"href":"https:\/\/apan.gob.mx\/portal\/wp-json\/wp\/v2\/types\/post"}],"author":[{"embeddable":true,"href":"https:\/\/apan.gob.mx\/portal\/wp-json\/wp\/v2\/users\/4"}],"replies":[{"embeddable":true,"href":"https:\/\/apan.gob.mx\/portal\/wp-json\/wp\/v2\/comments?post=32140"}],"version-history":[{"count":1,"href":"https:\/\/apan.gob.mx\/portal\/wp-json\/wp\/v2\/posts\/32140\/revisions"}],"predecessor-version":[{"id":32145,"href":"https:\/\/apan.gob.mx\/portal\/wp-json\/wp\/v2\/posts\/32140\/revisions\/32145"}],"wp:featuredmedia":[{"embeddable":true,"href":"https:\/\/apan.gob.mx\/portal\/wp-json\/wp\/v2\/media\/32141"}],"wp:attachment":[{"href":"https:\/\/apan.gob.mx\/portal\/wp-json\/wp\/v2\/media?parent=32140"}],"wp:term":[{"taxonomy":"category","embeddable":true,"href":"https:\/\/apan.gob.mx\/portal\/wp-json\/wp\/v2\/categories?post=32140"},{"taxonomy":"post_tag","embeddable":true,"href":"https:\/\/apan.gob.mx\/portal\/wp-json\/wp\/v2\/tags?post=32140"}],"curies":[{"name":"wp","href":"https:\/\/api.w.org\/{rel}","templated":true}]}}