{"id":32155,"date":"2024-11-26T10:20:00","date_gmt":"2024-11-26T16:20:00","guid":{"rendered":"https:\/\/apan.gob.mx\/portal\/?p=32155"},"modified":"2026-01-26T10:28:14","modified_gmt":"2026-01-26T16:28:14","slug":"mejoran-infraestructura-vial-en-el-camino-hacia-espejel","status":"publish","type":"post","link":"https:\/\/apan.gob.mx\/portal\/2024\/11\/26\/mejoran-infraestructura-vial-en-el-camino-hacia-espejel\/","title":{"rendered":"MEJORAN INFRAESTRUCTURA VIAL EN EL CAMINO HACIA ESPEJEL"},"content":{"rendered":"\n<p>Por instrucciones de la presidenta municipal, la Dra. Zorayda Robles, se llevaron a cabo trabajos de mejora en el camino hacia la comunidad de Espejel, con el objetivo de fortalecer la conectividad y las condiciones de tr\u00e1nsito en la zona.<\/p>\n\n\n\n<p>En coordinaci\u00f3n con la Direcci\u00f3n de Obras P\u00fablicas, se realiz\u00f3 el rastreo del camino mediante el uso de motoconformadora, as\u00ed como la aplicaci\u00f3n de viajes de tepetate y grava, acciones que permitir\u00e1n una vialidad m\u00e1s segura y funcional para quienes transitan diariamente por este tramo.<\/p>\n\n\n\n<figure class=\"wp-block-image size-large\"><img data-recalc-dims=\"1\" fetchpriority=\"high\" decoding=\"async\" width=\"686\" height=\"1024\" src=\"https:\/\/i0.wp.com\/apan.gob.mx\/portal\/wp-content\/uploads\/2026\/01\/1.2-15.jpg?resize=686%2C1024&#038;ssl=1\" alt=\"\" class=\"wp-image-32157\" srcset=\"https:\/\/i0.wp.com\/apan.gob.mx\/portal\/wp-content\/uploads\/2026\/01\/1.2-15.jpg?resize=686%2C1024&amp;ssl=1 686w, https:\/\/i0.wp.com\/apan.gob.mx\/portal\/wp-content\/uploads\/2026\/01\/1.2-15.jpg?resize=201%2C300&amp;ssl=1 201w, https:\/\/i0.wp.com\/apan.gob.mx\/portal\/wp-content\/uploads\/2026\/01\/1.2-15.jpg?resize=768%2C1147&amp;ssl=1 768w, https:\/\/i0.wp.com\/apan.gob.mx\/portal\/wp-content\/uploads\/2026\/01\/1.2-15.jpg?w=815&amp;ssl=1 815w\" sizes=\"(max-width: 686px) 100vw, 686px\" \/><\/figure>\n\n\n\n<p>El Gobierno Municipal de Apan refrenda su compromiso con el desarrollo equitativo de las comunidades, trabajando para que la infraestructura vial sea una herramienta de bienestar y progreso, y no un obst\u00e1culo para el crecimiento social y econ\u00f3mico del municipio.<\/p>\n","protected":false},"excerpt":{"rendered":"<p>Por instrucciones de la presidenta municipal, la Dra. Zorayda Robles, se llevaron a cabo trabajos de mejora en el camino hacia la comunidad de Espejel, con el objetivo de fortalecer la conectividad y las condiciones de tr\u00e1nsito en la zona. En coordinaci\u00f3n con la Direcci\u00f3n de Obras P\u00fablicas, se realiz\u00f3 el rastreo del camino mediante [&hellip;]<\/p>\n","protected":false},"author":4,"featured_media":32158,"comment_status":"closed","ping_status":"closed","sticky":false,"template":"","format":"standard","meta":{"_jetpack_memberships_contains_paid_content":false,"footnotes":""},"categories":[1],"tags":[],"class_list":["post-32155","post","type-post","status-publish","format-standard","has-post-thumbnail","hentry","category-uncategorized"],"jetpack_featured_media_url":"https:\/\/i0.wp.com\/apan.gob.mx\/portal\/wp-content\/uploads\/2026\/01\/1.1-14.jpg?fit=1600%2C1200&ssl=1","jetpack_sharing_enabled":true,"_links":{"self":[{"href":"https:\/\/apan.gob.mx\/portal\/wp-json\/wp\/v2\/posts\/32155","targetHints":{"allow":["GET"]}}],"collection":[{"href":"https:\/\/apan.gob.mx\/portal\/wp-json\/wp\/v2\/posts"}],"about":[{"href":"https:\/\/apan.gob.mx\/portal\/wp-json\/wp\/v2\/types\/post"}],"author":[{"embeddable":true,"href":"https:\/\/apan.gob.mx\/portal\/wp-json\/wp\/v2\/users\/4"}],"replies":[{"embeddable":true,"href":"https:\/\/apan.gob.mx\/portal\/wp-json\/wp\/v2\/comments?post=32155"}],"version-history":[{"count":1,"href":"https:\/\/apan.gob.mx\/portal\/wp-json\/wp\/v2\/posts\/32155\/revisions"}],"predecessor-version":[{"id":32159,"href":"https:\/\/apan.gob.mx\/portal\/wp-json\/wp\/v2\/posts\/32155\/revisions\/32159"}],"wp:featuredmedia":[{"embeddable":true,"href":"https:\/\/apan.gob.mx\/portal\/wp-json\/wp\/v2\/media\/32158"}],"wp:attachment":[{"href":"https:\/\/apan.gob.mx\/portal\/wp-json\/wp\/v2\/media?parent=32155"}],"wp:term":[{"taxonomy":"category","embeddable":true,"href":"https:\/\/apan.gob.mx\/portal\/wp-json\/wp\/v2\/categories?post=32155"},{"taxonomy":"post_tag","embeddable":true,"href":"https:\/\/apan.gob.mx\/portal\/wp-json\/wp\/v2\/tags?post=32155"}],"curies":[{"name":"wp","href":"https:\/\/api.w.org\/{rel}","templated":true}]}}