{"id":32160,"date":"2024-12-01T10:28:00","date_gmt":"2024-12-01T16:28:00","guid":{"rendered":"https:\/\/apan.gob.mx\/portal\/?p=32160"},"modified":"2026-01-26T11:07:12","modified_gmt":"2026-01-26T17:07:12","slug":"apan-conmemora-la-charreria-como-patrimonio-cultural-de-la-humanidad","status":"publish","type":"post","link":"https:\/\/apan.gob.mx\/portal\/2024\/12\/01\/apan-conmemora-la-charreria-como-patrimonio-cultural-de-la-humanidad\/","title":{"rendered":"APAN CONMEMORA LA CHARRER\u00cdA COMO PATRIMONIO CULTURAL DE LA HUMANIDAD"},"content":{"rendered":"\n<p>El Gobierno Municipal de Apan, encabezado por la Dra. Zorayda Robles y en coordinaci\u00f3n con la Direcci\u00f3n de Cultura, se sum\u00f3 a la conmemoraci\u00f3n del aniversario del decreto de la UNESCO que reconoce a la charrer\u00eda como Patrimonio Cultural Inmaterial de la Humanidad.<\/p>\n\n\n\n<p>Este importante evento cont\u00f3 con la participaci\u00f3n de preescolares, colectivos culturales y artesanos provenientes del estado de Hidalgo y de Tlaxcala, quienes, a trav\u00e9s de diversas expresiones, celebraron una de las tradiciones m\u00e1s representativas de nuestra identidad nacional.<\/p>\n\n\n\n<div class=\"wp-block-jetpack-tiled-gallery aligncenter is-style-rectangular\"><div class=\"tiled-gallery__gallery\"><div class=\"tiled-gallery__row\"><div class=\"tiled-gallery__col\" style=\"flex-basis:37.45714%\"><figure class=\"tiled-gallery__item\"><img decoding=\"async\" srcset=\"https:\/\/i2.wp.com\/apan.gob.mx\/portal\/wp-content\/uploads\/2026\/01\/1.4-8-1024x577.jpg?strip=info&#038;w=600&#038;ssl=1 600w,https:\/\/i2.wp.com\/apan.gob.mx\/portal\/wp-content\/uploads\/2026\/01\/1.4-8-1024x577.jpg?strip=info&#038;w=900&#038;ssl=1 900w,https:\/\/i2.wp.com\/apan.gob.mx\/portal\/wp-content\/uploads\/2026\/01\/1.4-8-1024x577.jpg?strip=info&#038;w=1200&#038;ssl=1 1200w,https:\/\/i2.wp.com\/apan.gob.mx\/portal\/wp-content\/uploads\/2026\/01\/1.4-8-1024x577.jpg?strip=info&#038;w=1500&#038;ssl=1 1500w,https:\/\/i2.wp.com\/apan.gob.mx\/portal\/wp-content\/uploads\/2026\/01\/1.4-8-1024x577.jpg?strip=info&#038;w=1600&#038;ssl=1 1600w\" alt=\"\" data-height=\"902\" data-id=\"32161\" data-link=\"https:\/\/apan.gob.mx\/portal\/?attachment_id=32161\" data-url=\"https:\/\/apan.gob.mx\/portal\/wp-content\/uploads\/2026\/01\/1.4-8-1024x577.jpg\" data-width=\"1600\" src=\"https:\/\/i2.wp.com\/apan.gob.mx\/portal\/wp-content\/uploads\/2026\/01\/1.4-8-1024x577.jpg?ssl=1\" data-amp-layout=\"responsive\" \/><\/figure><figure class=\"tiled-gallery__item\"><img decoding=\"async\" srcset=\"https:\/\/i1.wp.com\/apan.gob.mx\/portal\/wp-content\/uploads\/2026\/01\/1.5-7-1024x576.jpg?strip=info&#038;w=600&#038;ssl=1 600w,https:\/\/i1.wp.com\/apan.gob.mx\/portal\/wp-content\/uploads\/2026\/01\/1.5-7-1024x576.jpg?strip=info&#038;w=900&#038;ssl=1 900w,https:\/\/i1.wp.com\/apan.gob.mx\/portal\/wp-content\/uploads\/2026\/01\/1.5-7-1024x576.jpg?strip=info&#038;w=1200&#038;ssl=1 1200w,https:\/\/i1.wp.com\/apan.gob.mx\/portal\/wp-content\/uploads\/2026\/01\/1.5-7-1024x576.jpg?strip=info&#038;w=1280&#038;ssl=1 1280w\" alt=\"\" data-height=\"720\" data-id=\"32162\" data-link=\"https:\/\/apan.gob.mx\/portal\/?attachment_id=32162\" data-url=\"https:\/\/apan.gob.mx\/portal\/wp-content\/uploads\/2026\/01\/1.5-7-1024x576.jpg\" data-width=\"1280\" src=\"https:\/\/i1.wp.com\/apan.gob.mx\/portal\/wp-content\/uploads\/2026\/01\/1.5-7-1024x576.jpg?ssl=1\" data-amp-layout=\"responsive\" \/><\/figure><figure class=\"tiled-gallery__item\"><img decoding=\"async\" srcset=\"https:\/\/i1.wp.com\/apan.gob.mx\/portal\/wp-content\/uploads\/2026\/01\/1.6-4-1024x577.jpg?strip=info&#038;w=600&#038;ssl=1 600w,https:\/\/i1.wp.com\/apan.gob.mx\/portal\/wp-content\/uploads\/2026\/01\/1.6-4-1024x577.jpg?strip=info&#038;w=900&#038;ssl=1 900w,https:\/\/i1.wp.com\/apan.gob.mx\/portal\/wp-content\/uploads\/2026\/01\/1.6-4-1024x577.jpg?strip=info&#038;w=1200&#038;ssl=1 1200w,https:\/\/i1.wp.com\/apan.gob.mx\/portal\/wp-content\/uploads\/2026\/01\/1.6-4-1024x577.jpg?strip=info&#038;w=1500&#038;ssl=1 1500w,https:\/\/i1.wp.com\/apan.gob.mx\/portal\/wp-content\/uploads\/2026\/01\/1.6-4-1024x577.jpg?strip=info&#038;w=1600&#038;ssl=1 1600w\" alt=\"\" data-height=\"902\" data-id=\"32163\" data-link=\"https:\/\/apan.gob.mx\/portal\/?attachment_id=32163\" data-url=\"https:\/\/apan.gob.mx\/portal\/wp-content\/uploads\/2026\/01\/1.6-4-1024x577.jpg\" data-width=\"1600\" src=\"https:\/\/i1.wp.com\/apan.gob.mx\/portal\/wp-content\/uploads\/2026\/01\/1.6-4-1024x577.jpg?ssl=1\" data-amp-layout=\"responsive\" \/><\/figure><\/div><div class=\"tiled-gallery__col\" style=\"flex-basis:62.54286%\"><figure class=\"tiled-gallery__item\"><img decoding=\"async\" srcset=\"https:\/\/i0.wp.com\/apan.gob.mx\/portal\/wp-content\/uploads\/2026\/01\/1.7.jpg?strip=info&#038;w=600&#038;ssl=1 600w,https:\/\/i0.wp.com\/apan.gob.mx\/portal\/wp-content\/uploads\/2026\/01\/1.7.jpg?strip=info&#038;w=772&#038;ssl=1 772w\" alt=\"\" data-height=\"790\" data-id=\"32164\" data-link=\"https:\/\/apan.gob.mx\/portal\/?attachment_id=32164\" data-url=\"https:\/\/apan.gob.mx\/portal\/wp-content\/uploads\/2026\/01\/1.7.jpg\" data-width=\"772\" src=\"https:\/\/i0.wp.com\/apan.gob.mx\/portal\/wp-content\/uploads\/2026\/01\/1.7.jpg?ssl=1\" data-amp-layout=\"responsive\" \/><\/figure><\/div><\/div><\/div><\/div>\n\n\n\n<p>La charrer\u00eda forma parte de la historia viva de Apan y de sus comunidades, por lo que este reconocimiento internacional refuerza el compromiso de preservar, promover y transmitir nuestras tradiciones a las nuevas generaciones.<\/p>\n\n\n\n<p>El Gobierno Municipal refrenda su compromiso con la cultura como eje de identidad, orgullo y cohesi\u00f3n social, impulsando acciones que fortalezcan el patrimonio cultural de nuestro municipio.<\/p>\n","protected":false},"excerpt":{"rendered":"<p>El Gobierno Municipal de Apan, encabezado por la Dra. Zorayda Robles y en coordinaci\u00f3n con la Direcci\u00f3n de Cultura, se sum\u00f3 a la conmemoraci\u00f3n del aniversario del decreto de la UNESCO que reconoce a la charrer\u00eda como Patrimonio Cultural Inmaterial de la Humanidad. Este importante evento cont\u00f3 con la participaci\u00f3n de preescolares, colectivos culturales y [&hellip;]<\/p>\n","protected":false},"author":4,"featured_media":32165,"comment_status":"closed","ping_status":"closed","sticky":false,"template":"","format":"standard","meta":{"_jetpack_memberships_contains_paid_content":false,"footnotes":""},"categories":[1],"tags":[],"class_list":["post-32160","post","type-post","status-publish","format-standard","has-post-thumbnail","hentry","category-uncategorized"],"jetpack_featured_media_url":"https:\/\/i0.wp.com\/apan.gob.mx\/portal\/wp-content\/uploads\/2026\/01\/1.2-16.jpg?fit=720%2C1280&ssl=1","jetpack_sharing_enabled":true,"_links":{"self":[{"href":"https:\/\/apan.gob.mx\/portal\/wp-json\/wp\/v2\/posts\/32160","targetHints":{"allow":["GET"]}}],"collection":[{"href":"https:\/\/apan.gob.mx\/portal\/wp-json\/wp\/v2\/posts"}],"about":[{"href":"https:\/\/apan.gob.mx\/portal\/wp-json\/wp\/v2\/types\/post"}],"author":[{"embeddable":true,"href":"https:\/\/apan.gob.mx\/portal\/wp-json\/wp\/v2\/users\/4"}],"replies":[{"embeddable":true,"href":"https:\/\/apan.gob.mx\/portal\/wp-json\/wp\/v2\/comments?post=32160"}],"version-history":[{"count":1,"href":"https:\/\/apan.gob.mx\/portal\/wp-json\/wp\/v2\/posts\/32160\/revisions"}],"predecessor-version":[{"id":32166,"href":"https:\/\/apan.gob.mx\/portal\/wp-json\/wp\/v2\/posts\/32160\/revisions\/32166"}],"wp:featuredmedia":[{"embeddable":true,"href":"https:\/\/apan.gob.mx\/portal\/wp-json\/wp\/v2\/media\/32165"}],"wp:attachment":[{"href":"https:\/\/apan.gob.mx\/portal\/wp-json\/wp\/v2\/media?parent=32160"}],"wp:term":[{"taxonomy":"category","embeddable":true,"href":"https:\/\/apan.gob.mx\/portal\/wp-json\/wp\/v2\/categories?post=32160"},{"taxonomy":"post_tag","embeddable":true,"href":"https:\/\/apan.gob.mx\/portal\/wp-json\/wp\/v2\/tags?post=32160"}],"curies":[{"name":"wp","href":"https:\/\/api.w.org\/{rel}","templated":true}]}}