{"id":32174,"date":"2024-12-02T11:16:00","date_gmt":"2024-12-02T17:16:00","guid":{"rendered":"https:\/\/apan.gob.mx\/portal\/?p=32174"},"modified":"2026-01-26T11:22:54","modified_gmt":"2026-01-26T17:22:54","slug":"orgullo-de-apan-en-el-premio-estatal-del-deporte","status":"publish","type":"post","link":"https:\/\/apan.gob.mx\/portal\/2024\/12\/02\/orgullo-de-apan-en-el-premio-estatal-del-deporte\/","title":{"rendered":"ORGULLO DE APAN EN EL PREMIO ESTATAL DEL DEPORTE"},"content":{"rendered":"\n<p>Hoy, en el Palacio de Gobierno del Estado, la presidenta municipal de Apan, la Dra. Zorayda Robles, acompa\u00f1\u00f3 a nuestro compa\u00f1ero y regidor Carlos Derik Olvera, quien recibi\u00f3 el Premio Estatal del Deporte en la disciplina de Paradanza Deportiva, otorgado por el gobernador del estado de Hidalgo, Julio Menchaca.<\/p>\n\n\n\n<figure class=\"wp-block-image size-large\"><img data-recalc-dims=\"1\" fetchpriority=\"high\" decoding=\"async\" width=\"1024\" height=\"768\" src=\"https:\/\/i0.wp.com\/apan.gob.mx\/portal\/wp-content\/uploads\/2026\/01\/1.4-9.jpg?resize=1024%2C768&#038;ssl=1\" alt=\"\" class=\"wp-image-32175\" srcset=\"https:\/\/i0.wp.com\/apan.gob.mx\/portal\/wp-content\/uploads\/2026\/01\/1.4-9.jpg?resize=1024%2C768&amp;ssl=1 1024w, https:\/\/i0.wp.com\/apan.gob.mx\/portal\/wp-content\/uploads\/2026\/01\/1.4-9.jpg?resize=300%2C225&amp;ssl=1 300w, https:\/\/i0.wp.com\/apan.gob.mx\/portal\/wp-content\/uploads\/2026\/01\/1.4-9.jpg?resize=768%2C576&amp;ssl=1 768w, https:\/\/i0.wp.com\/apan.gob.mx\/portal\/wp-content\/uploads\/2026\/01\/1.4-9.jpg?w=1280&amp;ssl=1 1280w\" sizes=\"(max-width: 1000px) 100vw, 1000px\" \/><\/figure>\n\n\n\n<p>Este reconocimiento refleja el esfuerzo, la constancia y la disciplina de Carlos Derik Olvera, quien con su trayectoria pone en alto el nombre de Apan y del estado de Hidalgo en el \u00e1mbito deportivo.<\/p>\n\n\n\n<p>Cabe destacar que, en su participaci\u00f3n internacional realizada en Detroit, Estados Unidos, obtuvo medallas en las modalidades de D\u00fao Est\u00e1ndar, D\u00fao Lat\u00edn, D\u00fao Freestyle y Singles Freestyle, consolid\u00e1ndose como un referente de la paradanza deportiva.<\/p>\n\n\n\n<figure class=\"wp-block-gallery has-nested-images columns-default is-cropped is-style-rectangular wp-block-gallery-1 is-layout-flex wp-block-gallery-is-layout-flex\">\n<figure class=\"wp-block-image size-large\"><img data-recalc-dims=\"1\" decoding=\"async\" width=\"768\" height=\"1024\" data-id=\"32176\" src=\"https:\/\/i0.wp.com\/apan.gob.mx\/portal\/wp-content\/uploads\/2026\/01\/1.5-8.jpg?resize=768%2C1024&#038;ssl=1\" alt=\"\" class=\"wp-image-32176\" srcset=\"https:\/\/i0.wp.com\/apan.gob.mx\/portal\/wp-content\/uploads\/2026\/01\/1.5-8.jpg?resize=768%2C1024&amp;ssl=1 768w, https:\/\/i0.wp.com\/apan.gob.mx\/portal\/wp-content\/uploads\/2026\/01\/1.5-8.jpg?resize=225%2C300&amp;ssl=1 225w, https:\/\/i0.wp.com\/apan.gob.mx\/portal\/wp-content\/uploads\/2026\/01\/1.5-8.jpg?w=960&amp;ssl=1 960w\" sizes=\"(max-width: 768px) 100vw, 768px\" \/><\/figure>\n\n\n\n<figure class=\"wp-block-image size-large\"><img data-recalc-dims=\"1\" decoding=\"async\" width=\"768\" height=\"1024\" data-id=\"32177\" src=\"https:\/\/i0.wp.com\/apan.gob.mx\/portal\/wp-content\/uploads\/2026\/01\/1.2-17.jpg?resize=768%2C1024&#038;ssl=1\" alt=\"\" class=\"wp-image-32177\" srcset=\"https:\/\/i0.wp.com\/apan.gob.mx\/portal\/wp-content\/uploads\/2026\/01\/1.2-17.jpg?resize=768%2C1024&amp;ssl=1 768w, https:\/\/i0.wp.com\/apan.gob.mx\/portal\/wp-content\/uploads\/2026\/01\/1.2-17.jpg?resize=225%2C300&amp;ssl=1 225w, https:\/\/i0.wp.com\/apan.gob.mx\/portal\/wp-content\/uploads\/2026\/01\/1.2-17.jpg?w=960&amp;ssl=1 960w\" sizes=\"(max-width: 768px) 100vw, 768px\" \/><\/figure>\n<\/figure>\n\n\n\n<p>El Gobierno Municipal de Apan reconoce y felicita a Carlos Derik Olvera por este importante logro, ejemplo de perseverancia, talento y orgullo para nuestro municipio.<\/p>\n","protected":false},"excerpt":{"rendered":"<p>Hoy, en el Palacio de Gobierno del Estado, la presidenta municipal de Apan, la Dra. Zorayda Robles, acompa\u00f1\u00f3 a nuestro compa\u00f1ero y regidor Carlos Derik Olvera, quien recibi\u00f3 el Premio Estatal del Deporte en la disciplina de Paradanza Deportiva, otorgado por el gobernador del estado de Hidalgo, Julio Menchaca. Este reconocimiento refleja el esfuerzo, la [&hellip;]<\/p>\n","protected":false},"author":4,"featured_media":32178,"comment_status":"closed","ping_status":"closed","sticky":false,"template":"","format":"standard","meta":{"_jetpack_memberships_contains_paid_content":false,"footnotes":""},"categories":[1],"tags":[],"class_list":["post-32174","post","type-post","status-publish","format-standard","has-post-thumbnail","hentry","category-uncategorized"],"jetpack_featured_media_url":"https:\/\/i0.wp.com\/apan.gob.mx\/portal\/wp-content\/uploads\/2026\/01\/1.1-15.jpg?fit=1280%2C960&ssl=1","jetpack_sharing_enabled":true,"_links":{"self":[{"href":"https:\/\/apan.gob.mx\/portal\/wp-json\/wp\/v2\/posts\/32174","targetHints":{"allow":["GET"]}}],"collection":[{"href":"https:\/\/apan.gob.mx\/portal\/wp-json\/wp\/v2\/posts"}],"about":[{"href":"https:\/\/apan.gob.mx\/portal\/wp-json\/wp\/v2\/types\/post"}],"author":[{"embeddable":true,"href":"https:\/\/apan.gob.mx\/portal\/wp-json\/wp\/v2\/users\/4"}],"replies":[{"embeddable":true,"href":"https:\/\/apan.gob.mx\/portal\/wp-json\/wp\/v2\/comments?post=32174"}],"version-history":[{"count":1,"href":"https:\/\/apan.gob.mx\/portal\/wp-json\/wp\/v2\/posts\/32174\/revisions"}],"predecessor-version":[{"id":32179,"href":"https:\/\/apan.gob.mx\/portal\/wp-json\/wp\/v2\/posts\/32174\/revisions\/32179"}],"wp:featuredmedia":[{"embeddable":true,"href":"https:\/\/apan.gob.mx\/portal\/wp-json\/wp\/v2\/media\/32178"}],"wp:attachment":[{"href":"https:\/\/apan.gob.mx\/portal\/wp-json\/wp\/v2\/media?parent=32174"}],"wp:term":[{"taxonomy":"category","embeddable":true,"href":"https:\/\/apan.gob.mx\/portal\/wp-json\/wp\/v2\/categories?post=32174"},{"taxonomy":"post_tag","embeddable":true,"href":"https:\/\/apan.gob.mx\/portal\/wp-json\/wp\/v2\/tags?post=32174"}],"curies":[{"name":"wp","href":"https:\/\/api.w.org\/{rel}","templated":true}]}}