{"id":32180,"date":"2024-12-05T11:24:00","date_gmt":"2024-12-05T17:24:00","guid":{"rendered":"https:\/\/apan.gob.mx\/portal\/?p=32180"},"modified":"2026-01-26T11:44:49","modified_gmt":"2026-01-26T17:44:49","slug":"conmemoracion-del-dia-internacional-de-las-personas-con-discapacidad","status":"publish","type":"post","link":"https:\/\/apan.gob.mx\/portal\/2024\/12\/05\/conmemoracion-del-dia-internacional-de-las-personas-con-discapacidad\/","title":{"rendered":"CONMEMORACI\u00d3N DEL D\u00cdA INTERNACIONAL DE LAS PERSONAS CON DISCAPACIDAD"},"content":{"rendered":"\n<p>En el marco del D\u00eda Internacional de las Personas con Discapacidad, la presidenta municipal de Apan, la Dra. Zorayda Robles, asisti\u00f3 a un evento conmemorativo enfocado en la promoci\u00f3n de la inclusi\u00f3n, el respeto y la sensibilizaci\u00f3n social.<\/p>\n\n\n\n<p>El acto cont\u00f3 con la presencia del Lic. Alfonso Flores Barrera, Director General de Inclusi\u00f3n para las Personas con Discapacidad del Estado de Hidalgo, as\u00ed como de regidores, representantes de municipios vecinos y p\u00fablico en general. Durante la jornada se realizaron diversas din\u00e1micas que permitieron a las y los asistentes compartir experiencias y reflexionar sobre la importancia de construir entornos accesibles e incluyentes.<\/p>\n\n\n\n<div class=\"wp-block-jetpack-tiled-gallery aligncenter is-style-rectangular\"><div class=\"tiled-gallery__gallery\"><div class=\"tiled-gallery__row\"><div class=\"tiled-gallery__col\" style=\"flex-basis:66.79360%\"><figure class=\"tiled-gallery__item\"><img decoding=\"async\" srcset=\"https:\/\/i0.wp.com\/apan.gob.mx\/portal\/wp-content\/uploads\/2026\/01\/1.2-18-1024x683.jpg?strip=info&#038;w=600&#038;ssl=1 600w,https:\/\/i0.wp.com\/apan.gob.mx\/portal\/wp-content\/uploads\/2026\/01\/1.2-18-1024x683.jpg?strip=info&#038;w=900&#038;ssl=1 900w,https:\/\/i0.wp.com\/apan.gob.mx\/portal\/wp-content\/uploads\/2026\/01\/1.2-18-1024x683.jpg?strip=info&#038;w=1200&#038;ssl=1 1200w,https:\/\/i0.wp.com\/apan.gob.mx\/portal\/wp-content\/uploads\/2026\/01\/1.2-18-1024x683.jpg?strip=info&#038;w=1500&#038;ssl=1 1500w,https:\/\/i0.wp.com\/apan.gob.mx\/portal\/wp-content\/uploads\/2026\/01\/1.2-18-1024x683.jpg?strip=info&#038;w=1800&#038;ssl=1 1800w,https:\/\/i0.wp.com\/apan.gob.mx\/portal\/wp-content\/uploads\/2026\/01\/1.2-18-1024x683.jpg?strip=info&#038;w=2000&#038;ssl=1 2000w\" alt=\"\" data-height=\"1365\" data-id=\"32181\" data-link=\"https:\/\/apan.gob.mx\/portal\/?attachment_id=32181\" data-url=\"https:\/\/apan.gob.mx\/portal\/wp-content\/uploads\/2026\/01\/1.2-18-1024x683.jpg\" data-width=\"2048\" src=\"https:\/\/i0.wp.com\/apan.gob.mx\/portal\/wp-content\/uploads\/2026\/01\/1.2-18-1024x683.jpg?ssl=1\" data-amp-layout=\"responsive\" \/><\/figure><\/div><div class=\"tiled-gallery__col\" style=\"flex-basis:33.20640%\"><figure class=\"tiled-gallery__item\"><img decoding=\"async\" srcset=\"https:\/\/i0.wp.com\/apan.gob.mx\/portal\/wp-content\/uploads\/2026\/01\/1.3-11-1024x683.jpg?strip=info&#038;w=600&#038;ssl=1 600w,https:\/\/i0.wp.com\/apan.gob.mx\/portal\/wp-content\/uploads\/2026\/01\/1.3-11-1024x683.jpg?strip=info&#038;w=900&#038;ssl=1 900w,https:\/\/i0.wp.com\/apan.gob.mx\/portal\/wp-content\/uploads\/2026\/01\/1.3-11-1024x683.jpg?strip=info&#038;w=1200&#038;ssl=1 1200w,https:\/\/i0.wp.com\/apan.gob.mx\/portal\/wp-content\/uploads\/2026\/01\/1.3-11-1024x683.jpg?strip=info&#038;w=1500&#038;ssl=1 1500w,https:\/\/i0.wp.com\/apan.gob.mx\/portal\/wp-content\/uploads\/2026\/01\/1.3-11-1024x683.jpg?strip=info&#038;w=1800&#038;ssl=1 1800w,https:\/\/i0.wp.com\/apan.gob.mx\/portal\/wp-content\/uploads\/2026\/01\/1.3-11-1024x683.jpg?strip=info&#038;w=2000&#038;ssl=1 2000w\" alt=\"\" data-height=\"1365\" data-id=\"32182\" data-link=\"https:\/\/apan.gob.mx\/portal\/?attachment_id=32182\" data-url=\"https:\/\/apan.gob.mx\/portal\/wp-content\/uploads\/2026\/01\/1.3-11-1024x683.jpg\" data-width=\"2048\" src=\"https:\/\/i0.wp.com\/apan.gob.mx\/portal\/wp-content\/uploads\/2026\/01\/1.3-11-1024x683.jpg?ssl=1\" data-amp-layout=\"responsive\" \/><\/figure><figure class=\"tiled-gallery__item\"><img decoding=\"async\" srcset=\"https:\/\/i0.wp.com\/apan.gob.mx\/portal\/wp-content\/uploads\/2026\/01\/1.4-10-1024x683.jpg?strip=info&#038;w=600&#038;ssl=1 600w,https:\/\/i0.wp.com\/apan.gob.mx\/portal\/wp-content\/uploads\/2026\/01\/1.4-10-1024x683.jpg?strip=info&#038;w=900&#038;ssl=1 900w,https:\/\/i0.wp.com\/apan.gob.mx\/portal\/wp-content\/uploads\/2026\/01\/1.4-10-1024x683.jpg?strip=info&#038;w=1200&#038;ssl=1 1200w,https:\/\/i0.wp.com\/apan.gob.mx\/portal\/wp-content\/uploads\/2026\/01\/1.4-10-1024x683.jpg?strip=info&#038;w=1500&#038;ssl=1 1500w,https:\/\/i0.wp.com\/apan.gob.mx\/portal\/wp-content\/uploads\/2026\/01\/1.4-10-1024x683.jpg?strip=info&#038;w=1800&#038;ssl=1 1800w,https:\/\/i0.wp.com\/apan.gob.mx\/portal\/wp-content\/uploads\/2026\/01\/1.4-10-1024x683.jpg?strip=info&#038;w=2000&#038;ssl=1 2000w\" alt=\"\" data-height=\"1365\" data-id=\"32183\" data-link=\"https:\/\/apan.gob.mx\/portal\/?attachment_id=32183\" data-url=\"https:\/\/apan.gob.mx\/portal\/wp-content\/uploads\/2026\/01\/1.4-10-1024x683.jpg\" data-width=\"2048\" src=\"https:\/\/i0.wp.com\/apan.gob.mx\/portal\/wp-content\/uploads\/2026\/01\/1.4-10-1024x683.jpg?ssl=1\" data-amp-layout=\"responsive\" \/><\/figure><\/div><\/div><div class=\"tiled-gallery__row\"><div class=\"tiled-gallery__col\" style=\"flex-basis:40.02589%\"><figure class=\"tiled-gallery__item\"><img decoding=\"async\" srcset=\"https:\/\/i0.wp.com\/apan.gob.mx\/portal\/wp-content\/uploads\/2026\/01\/1.6-5-1024x683.jpg?strip=info&#038;w=600&#038;ssl=1 600w,https:\/\/i0.wp.com\/apan.gob.mx\/portal\/wp-content\/uploads\/2026\/01\/1.6-5-1024x683.jpg?strip=info&#038;w=900&#038;ssl=1 900w,https:\/\/i0.wp.com\/apan.gob.mx\/portal\/wp-content\/uploads\/2026\/01\/1.6-5-1024x683.jpg?strip=info&#038;w=1200&#038;ssl=1 1200w,https:\/\/i0.wp.com\/apan.gob.mx\/portal\/wp-content\/uploads\/2026\/01\/1.6-5-1024x683.jpg?strip=info&#038;w=1500&#038;ssl=1 1500w,https:\/\/i0.wp.com\/apan.gob.mx\/portal\/wp-content\/uploads\/2026\/01\/1.6-5-1024x683.jpg?strip=info&#038;w=1800&#038;ssl=1 1800w,https:\/\/i0.wp.com\/apan.gob.mx\/portal\/wp-content\/uploads\/2026\/01\/1.6-5-1024x683.jpg?strip=info&#038;w=2000&#038;ssl=1 2000w\" alt=\"\" data-height=\"1365\" data-id=\"32185\" data-link=\"https:\/\/apan.gob.mx\/portal\/?attachment_id=32185\" data-url=\"https:\/\/apan.gob.mx\/portal\/wp-content\/uploads\/2026\/01\/1.6-5-1024x683.jpg\" data-width=\"2048\" src=\"https:\/\/i0.wp.com\/apan.gob.mx\/portal\/wp-content\/uploads\/2026\/01\/1.6-5-1024x683.jpg?ssl=1\" data-amp-layout=\"responsive\" \/><\/figure><\/div><\/div><\/div><\/div>\n\n\n\n<p>Se destac\u00f3 la participaci\u00f3n del regidor Carlos Olvera, campe\u00f3n mundial en paradanza deportiva, as\u00ed como de la Selecci\u00f3n Nacional de Danza Deportiva sobre Silla de Ruedas \u201cRollers Dance\u201d, quienes ofrecieron una presentaci\u00f3n que reflej\u00f3 talento, disciplina y superaci\u00f3n.<\/p>\n\n\n\n<p>Asimismo, se cont\u00f3 con la participaci\u00f3n de la alumna Renata E. A., estudiante de quinto grado y Diputada Local por el Distrito 10 en el Parlamento Infantil, cuya intervenci\u00f3n fue un mensaje inspirador sobre el compromiso de las nuevas generaciones con la inclusi\u00f3n.<\/p>\n\n\n\n<figure class=\"wp-block-image size-large\"><img data-recalc-dims=\"1\" fetchpriority=\"high\" decoding=\"async\" width=\"1024\" height=\"683\" src=\"https:\/\/i0.wp.com\/apan.gob.mx\/portal\/wp-content\/uploads\/2026\/01\/1.8-1.jpg?resize=1024%2C683&#038;ssl=1\" alt=\"\" class=\"wp-image-32186\" srcset=\"https:\/\/i0.wp.com\/apan.gob.mx\/portal\/wp-content\/uploads\/2026\/01\/1.8-1.jpg?resize=1024%2C683&amp;ssl=1 1024w, https:\/\/i0.wp.com\/apan.gob.mx\/portal\/wp-content\/uploads\/2026\/01\/1.8-1.jpg?resize=300%2C200&amp;ssl=1 300w, https:\/\/i0.wp.com\/apan.gob.mx\/portal\/wp-content\/uploads\/2026\/01\/1.8-1.jpg?resize=768%2C512&amp;ssl=1 768w, https:\/\/i0.wp.com\/apan.gob.mx\/portal\/wp-content\/uploads\/2026\/01\/1.8-1.jpg?resize=1536%2C1024&amp;ssl=1 1536w, https:\/\/i0.wp.com\/apan.gob.mx\/portal\/wp-content\/uploads\/2026\/01\/1.8-1.jpg?w=2048&amp;ssl=1 2048w\" sizes=\"(max-width: 1000px) 100vw, 1000px\" \/><\/figure>\n\n\n\n<p>El Gobierno Municipal de Apan refrenda su compromiso de seguir impulsando acciones que promuevan una sociedad m\u00e1s justa, incluyente y accesible para todas las personas.<\/p>\n","protected":false},"excerpt":{"rendered":"<p>En el marco del D\u00eda Internacional de las Personas con Discapacidad, la presidenta municipal de Apan, la Dra. Zorayda Robles, asisti\u00f3 a un evento conmemorativo enfocado en la promoci\u00f3n de la inclusi\u00f3n, el respeto y la sensibilizaci\u00f3n social. El acto cont\u00f3 con la presencia del Lic. Alfonso Flores Barrera, Director General de Inclusi\u00f3n para las [&hellip;]<\/p>\n","protected":false},"author":4,"featured_media":32187,"comment_status":"closed","ping_status":"closed","sticky":false,"template":"","format":"standard","meta":{"_jetpack_memberships_contains_paid_content":false,"footnotes":""},"categories":[1],"tags":[],"class_list":["post-32180","post","type-post","status-publish","format-standard","has-post-thumbnail","hentry","category-uncategorized"],"jetpack_featured_media_url":"https:\/\/i0.wp.com\/apan.gob.mx\/portal\/wp-content\/uploads\/2026\/01\/1.1-16.jpg?fit=2048%2C1365&ssl=1","jetpack_sharing_enabled":true,"_links":{"self":[{"href":"https:\/\/apan.gob.mx\/portal\/wp-json\/wp\/v2\/posts\/32180","targetHints":{"allow":["GET"]}}],"collection":[{"href":"https:\/\/apan.gob.mx\/portal\/wp-json\/wp\/v2\/posts"}],"about":[{"href":"https:\/\/apan.gob.mx\/portal\/wp-json\/wp\/v2\/types\/post"}],"author":[{"embeddable":true,"href":"https:\/\/apan.gob.mx\/portal\/wp-json\/wp\/v2\/users\/4"}],"replies":[{"embeddable":true,"href":"https:\/\/apan.gob.mx\/portal\/wp-json\/wp\/v2\/comments?post=32180"}],"version-history":[{"count":2,"href":"https:\/\/apan.gob.mx\/portal\/wp-json\/wp\/v2\/posts\/32180\/revisions"}],"predecessor-version":[{"id":32189,"href":"https:\/\/apan.gob.mx\/portal\/wp-json\/wp\/v2\/posts\/32180\/revisions\/32189"}],"wp:featuredmedia":[{"embeddable":true,"href":"https:\/\/apan.gob.mx\/portal\/wp-json\/wp\/v2\/media\/32187"}],"wp:attachment":[{"href":"https:\/\/apan.gob.mx\/portal\/wp-json\/wp\/v2\/media?parent=32180"}],"wp:term":[{"taxonomy":"category","embeddable":true,"href":"https:\/\/apan.gob.mx\/portal\/wp-json\/wp\/v2\/categories?post=32180"},{"taxonomy":"post_tag","embeddable":true,"href":"https:\/\/apan.gob.mx\/portal\/wp-json\/wp\/v2\/tags?post=32180"}],"curies":[{"name":"wp","href":"https:\/\/api.w.org\/{rel}","templated":true}]}}