{"id":32746,"date":"2025-02-07T15:49:00","date_gmt":"2025-02-07T21:49:00","guid":{"rendered":"https:\/\/apan.gob.mx\/portal\/?p=32746"},"modified":"2026-02-03T16:16:05","modified_gmt":"2026-02-03T22:16:05","slug":"rehabilitacion-y-mantenimiento-integral-en-el-campo-deportivo-pulques-leon-y-areas-publicas-de-apan","status":"publish","type":"post","link":"https:\/\/apan.gob.mx\/portal\/2025\/02\/07\/rehabilitacion-y-mantenimiento-integral-en-el-campo-deportivo-pulques-leon-y-areas-publicas-de-apan\/","title":{"rendered":"REHABILITACI\u00d3N Y MANTENIMIENTO INTEGRAL EN EL CAMPO DEPORTIVO &#8220;PULQUES LE\u00d3N&#8221; Y \u00c1REAS P\u00daBLICAS DE APAN"},"content":{"rendered":"\n<p>La Direcci\u00f3n de Parques y Jardines, bajo las instrucciones de la Presidenta Municipal, Doctora Zorayda Robles, llev\u00f3 a cabo una jornada intensiva de mantenimiento y rehabilitaci\u00f3n en el emblem\u00e1tico campo deportivo &#8220;Pulques Le\u00f3n&#8221;, as\u00ed como en diversos puntos estrat\u00e9gicos de la cabecera municipal.<\/p>\n\n\n\n<p>Las cuadrillas de trabajo realizaron labores de poda est\u00e9tica y preventiva en el arbolado del recinto deportivo con el fin de garantizar la seguridad de los deportistas y familias que visitan el espacio. De igual forma, se ejecutaron trabajos de pintura en la fachada principal, asegurando la preservaci\u00f3n y respeto de los murales art\u00edsticos que brindan identidad cultural a esta infraestructura.<\/p>\n\n\n\n<div class=\"wp-block-jetpack-tiled-gallery aligncenter is-style-rectangular\"><div class=\"tiled-gallery__gallery\"><div class=\"tiled-gallery__row\"><div class=\"tiled-gallery__col\" style=\"flex-basis:33.33333%\"><figure class=\"tiled-gallery__item\"><img decoding=\"async\" srcset=\"https:\/\/i0.wp.com\/apan.gob.mx\/portal\/wp-content\/uploads\/2026\/02\/1.2-2-576x1024.jpg?strip=info&#038;w=600&#038;ssl=1 600w,https:\/\/i0.wp.com\/apan.gob.mx\/portal\/wp-content\/uploads\/2026\/02\/1.2-2-576x1024.jpg?strip=info&#038;w=720&#038;ssl=1 720w\" alt=\"\" data-height=\"1280\" data-id=\"32781\" data-link=\"https:\/\/apan.gob.mx\/portal\/?attachment_id=32781\" data-url=\"https:\/\/apan.gob.mx\/portal\/wp-content\/uploads\/2026\/02\/1.2-2-576x1024.jpg\" data-width=\"720\" src=\"https:\/\/i0.wp.com\/apan.gob.mx\/portal\/wp-content\/uploads\/2026\/02\/1.2-2-576x1024.jpg?ssl=1\" data-amp-layout=\"responsive\" \/><\/figure><\/div><div class=\"tiled-gallery__col\" style=\"flex-basis:33.33333%\"><figure class=\"tiled-gallery__item\"><img decoding=\"async\" srcset=\"https:\/\/i1.wp.com\/apan.gob.mx\/portal\/wp-content\/uploads\/2026\/02\/1.3-2-576x1024.jpg?strip=info&#038;w=600&#038;ssl=1 600w,https:\/\/i1.wp.com\/apan.gob.mx\/portal\/wp-content\/uploads\/2026\/02\/1.3-2-576x1024.jpg?strip=info&#038;w=720&#038;ssl=1 720w\" alt=\"\" data-height=\"1280\" data-id=\"32782\" data-link=\"https:\/\/apan.gob.mx\/portal\/?attachment_id=32782\" data-url=\"https:\/\/apan.gob.mx\/portal\/wp-content\/uploads\/2026\/02\/1.3-2-576x1024.jpg\" data-width=\"720\" src=\"https:\/\/i1.wp.com\/apan.gob.mx\/portal\/wp-content\/uploads\/2026\/02\/1.3-2-576x1024.jpg?ssl=1\" data-amp-layout=\"responsive\" \/><\/figure><\/div><div class=\"tiled-gallery__col\" style=\"flex-basis:33.33333%\"><figure class=\"tiled-gallery__item\"><img decoding=\"async\" srcset=\"https:\/\/i0.wp.com\/apan.gob.mx\/portal\/wp-content\/uploads\/2026\/02\/1.4-4-576x1024.jpg?strip=info&#038;w=600&#038;ssl=1 600w,https:\/\/i0.wp.com\/apan.gob.mx\/portal\/wp-content\/uploads\/2026\/02\/1.4-4-576x1024.jpg?strip=info&#038;w=720&#038;ssl=1 720w\" alt=\"\" data-height=\"1280\" data-id=\"32783\" data-link=\"https:\/\/apan.gob.mx\/portal\/?attachment_id=32783\" data-url=\"https:\/\/apan.gob.mx\/portal\/wp-content\/uploads\/2026\/02\/1.4-4-576x1024.jpg\" data-width=\"720\" src=\"https:\/\/i0.wp.com\/apan.gob.mx\/portal\/wp-content\/uploads\/2026\/02\/1.4-4-576x1024.jpg?ssl=1\" data-amp-layout=\"responsive\" \/><\/figure><\/div><\/div><\/div><\/div>\n\n\n\n<p>De manera paralela, se despleg\u00f3 un operativo de poda de \u00e1rboles en distintas zonas de la ciudad, donde se eliminaron ramas de gran tama\u00f1o que representaban un riesgo potencial para los transe\u00fantes y la infraestructura el\u00e9ctrica, mejorando as\u00ed la visibilidad y la seguridad en la v\u00eda p\u00fablica.<\/p>\n\n\n\n<p>Con estas acciones, el Gobierno Municipal de Apan reafirma su compromiso con el rescate y la conservaci\u00f3n de los espacios p\u00fablicos, promoviendo entornos dignos, seguros y agradables para la convivencia social. Asimismo, se hace un llamado a la ciudadan\u00eda a colaborar en la preservaci\u00f3n de estas \u00e1reas verdes, las cuales son vitales para la sostenibilidad del medio ambiente y el embellecimiento de nuestro municipio.<\/p>\n","protected":false},"excerpt":{"rendered":"<p>La Direcci\u00f3n de Parques y Jardines, bajo las instrucciones de la Presidenta Municipal, Doctora Zorayda Robles, llev\u00f3 a cabo una jornada intensiva de mantenimiento y rehabilitaci\u00f3n en el emblem\u00e1tico campo deportivo &#8220;Pulques Le\u00f3n&#8221;, as\u00ed como en diversos puntos estrat\u00e9gicos de la cabecera municipal. Las cuadrillas de trabajo realizaron labores de poda est\u00e9tica y preventiva en [&hellip;]<\/p>\n","protected":false},"author":4,"featured_media":32784,"comment_status":"closed","ping_status":"closed","sticky":false,"template":"","format":"standard","meta":{"_jetpack_memberships_contains_paid_content":false,"footnotes":""},"categories":[49,1],"tags":[],"class_list":["post-32746","post","type-post","status-publish","format-standard","has-post-thumbnail","hentry","category-faenas-apan","category-uncategorized"],"jetpack_featured_media_url":"https:\/\/i0.wp.com\/apan.gob.mx\/portal\/wp-content\/uploads\/2026\/02\/1.1-5.jpg?fit=720%2C1280&ssl=1","jetpack_sharing_enabled":true,"_links":{"self":[{"href":"https:\/\/apan.gob.mx\/portal\/wp-json\/wp\/v2\/posts\/32746","targetHints":{"allow":["GET"]}}],"collection":[{"href":"https:\/\/apan.gob.mx\/portal\/wp-json\/wp\/v2\/posts"}],"about":[{"href":"https:\/\/apan.gob.mx\/portal\/wp-json\/wp\/v2\/types\/post"}],"author":[{"embeddable":true,"href":"https:\/\/apan.gob.mx\/portal\/wp-json\/wp\/v2\/users\/4"}],"replies":[{"embeddable":true,"href":"https:\/\/apan.gob.mx\/portal\/wp-json\/wp\/v2\/comments?post=32746"}],"version-history":[{"count":1,"href":"https:\/\/apan.gob.mx\/portal\/wp-json\/wp\/v2\/posts\/32746\/revisions"}],"predecessor-version":[{"id":32785,"href":"https:\/\/apan.gob.mx\/portal\/wp-json\/wp\/v2\/posts\/32746\/revisions\/32785"}],"wp:featuredmedia":[{"embeddable":true,"href":"https:\/\/apan.gob.mx\/portal\/wp-json\/wp\/v2\/media\/32784"}],"wp:attachment":[{"href":"https:\/\/apan.gob.mx\/portal\/wp-json\/wp\/v2\/media?parent=32746"}],"wp:term":[{"taxonomy":"category","embeddable":true,"href":"https:\/\/apan.gob.mx\/portal\/wp-json\/wp\/v2\/categories?post=32746"},{"taxonomy":"post_tag","embeddable":true,"href":"https:\/\/apan.gob.mx\/portal\/wp-json\/wp\/v2\/tags?post=32746"}],"curies":[{"name":"wp","href":"https:\/\/api.w.org\/{rel}","templated":true}]}}