{"id":33762,"date":"2026-03-18T12:50:09","date_gmt":"2026-03-18T18:50:09","guid":{"rendered":"https:\/\/apan.gob.mx\/portal\/?p=33762"},"modified":"2026-03-20T13:10:52","modified_gmt":"2026-03-20T19:10:52","slug":"apan-se-suma-con-energia-y-conciencia-al-dia-mundial-del-agua","status":"publish","type":"post","link":"https:\/\/apan.gob.mx\/portal\/2026\/03\/18\/apan-se-suma-con-energia-y-conciencia-al-dia-mundial-del-agua\/","title":{"rendered":"Apan se suma con energ\u00eda y conciencia al D\u00eda Mundial del Agua"},"content":{"rendered":"\n<p class=\"has-text-align-justify\">En el marco del D\u00eda Mundial del Agua, el municipio de Apan vivi\u00f3 una jornada llena de entusiasmo, conciencia ambiental y participaci\u00f3n ciudadana con la realizaci\u00f3n de una carrera atl\u00e9tica conmemorativa, en la que se promovi\u00f3 la importancia del cuidado y uso responsable del agua.<\/p>\n\n\n\n<p class=\"has-text-align-justify\">La Presidenta Municipal dio el banderazo de salida a esta actividad acompa\u00f1ada de Jos\u00e9 Juan Barrera Ledezma, en representaci\u00f3n de Juan Carlos Ch\u00e1vez, titular de la Comisi\u00f3n Estatal del Agua y Alcantarillado, reafirmando el compromiso de trabajar de manera coordinada en acciones que fomenten la conciencia social sobre este recurso vital.<\/p>\n\n\n\n<figure class=\"wp-block-gallery has-nested-images columns-default is-cropped wp-block-gallery-1 is-layout-flex wp-block-gallery-is-layout-flex\">\n<figure class=\"wp-block-image size-large\"><img data-recalc-dims=\"1\" fetchpriority=\"high\" decoding=\"async\" width=\"1024\" height=\"683\" data-id=\"33764\" src=\"https:\/\/i0.wp.com\/apan.gob.mx\/portal\/wp-content\/uploads\/2026\/03\/1.3-22.jpg?resize=1024%2C683&#038;ssl=1\" alt=\"\" class=\"wp-image-33764\" srcset=\"https:\/\/i0.wp.com\/apan.gob.mx\/portal\/wp-content\/uploads\/2026\/03\/1.3-22.jpg?resize=1024%2C683&amp;ssl=1 1024w, https:\/\/i0.wp.com\/apan.gob.mx\/portal\/wp-content\/uploads\/2026\/03\/1.3-22.jpg?resize=300%2C200&amp;ssl=1 300w, https:\/\/i0.wp.com\/apan.gob.mx\/portal\/wp-content\/uploads\/2026\/03\/1.3-22.jpg?resize=768%2C512&amp;ssl=1 768w, https:\/\/i0.wp.com\/apan.gob.mx\/portal\/wp-content\/uploads\/2026\/03\/1.3-22.jpg?resize=1536%2C1024&amp;ssl=1 1536w, https:\/\/i0.wp.com\/apan.gob.mx\/portal\/wp-content\/uploads\/2026\/03\/1.3-22.jpg?w=2048&amp;ssl=1 2048w\" sizes=\"(max-width: 1000px) 100vw, 1000px\" \/><\/figure>\n\n\n\n<figure class=\"wp-block-image size-large\"><img data-recalc-dims=\"1\" decoding=\"async\" width=\"1024\" height=\"683\" data-id=\"33766\" src=\"https:\/\/i0.wp.com\/apan.gob.mx\/portal\/wp-content\/uploads\/2026\/03\/1.4-17.jpg?resize=1024%2C683&#038;ssl=1\" alt=\"\" class=\"wp-image-33766\" srcset=\"https:\/\/i0.wp.com\/apan.gob.mx\/portal\/wp-content\/uploads\/2026\/03\/1.4-17.jpg?resize=1024%2C683&amp;ssl=1 1024w, https:\/\/i0.wp.com\/apan.gob.mx\/portal\/wp-content\/uploads\/2026\/03\/1.4-17.jpg?resize=300%2C200&amp;ssl=1 300w, https:\/\/i0.wp.com\/apan.gob.mx\/portal\/wp-content\/uploads\/2026\/03\/1.4-17.jpg?resize=768%2C512&amp;ssl=1 768w, https:\/\/i0.wp.com\/apan.gob.mx\/portal\/wp-content\/uploads\/2026\/03\/1.4-17.jpg?resize=1536%2C1024&amp;ssl=1 1536w, https:\/\/i0.wp.com\/apan.gob.mx\/portal\/wp-content\/uploads\/2026\/03\/1.4-17.jpg?w=2048&amp;ssl=1 2048w\" sizes=\"(max-width: 1000px) 100vw, 1000px\" \/><\/figure>\n\n\n\n<figure class=\"wp-block-image size-large\"><img data-recalc-dims=\"1\" decoding=\"async\" width=\"1024\" height=\"768\" data-id=\"33769\" src=\"https:\/\/i0.wp.com\/apan.gob.mx\/portal\/wp-content\/uploads\/2026\/03\/1.9-2.jpg?resize=1024%2C768&#038;ssl=1\" alt=\"\" class=\"wp-image-33769\" srcset=\"https:\/\/i0.wp.com\/apan.gob.mx\/portal\/wp-content\/uploads\/2026\/03\/1.9-2.jpg?resize=1024%2C768&amp;ssl=1 1024w, https:\/\/i0.wp.com\/apan.gob.mx\/portal\/wp-content\/uploads\/2026\/03\/1.9-2.jpg?resize=300%2C225&amp;ssl=1 300w, https:\/\/i0.wp.com\/apan.gob.mx\/portal\/wp-content\/uploads\/2026\/03\/1.9-2.jpg?resize=768%2C576&amp;ssl=1 768w, https:\/\/i0.wp.com\/apan.gob.mx\/portal\/wp-content\/uploads\/2026\/03\/1.9-2.jpg?resize=1536%2C1152&amp;ssl=1 1536w, https:\/\/i0.wp.com\/apan.gob.mx\/portal\/wp-content\/uploads\/2026\/03\/1.9-2.jpg?w=2048&amp;ssl=1 2048w\" sizes=\"(max-width: 1000px) 100vw, 1000px\" \/><figcaption class=\"wp-element-caption\">default<\/figcaption><\/figure>\n\n\n\n<figure class=\"wp-block-image size-large\"><img data-recalc-dims=\"1\" loading=\"lazy\" decoding=\"async\" width=\"1024\" height=\"683\" data-id=\"33768\" src=\"https:\/\/i0.wp.com\/apan.gob.mx\/portal\/wp-content\/uploads\/2026\/03\/1.6-10.jpg?resize=1024%2C683&#038;ssl=1\" alt=\"\" class=\"wp-image-33768\" srcset=\"https:\/\/i0.wp.com\/apan.gob.mx\/portal\/wp-content\/uploads\/2026\/03\/1.6-10.jpg?resize=1024%2C683&amp;ssl=1 1024w, https:\/\/i0.wp.com\/apan.gob.mx\/portal\/wp-content\/uploads\/2026\/03\/1.6-10.jpg?resize=300%2C200&amp;ssl=1 300w, https:\/\/i0.wp.com\/apan.gob.mx\/portal\/wp-content\/uploads\/2026\/03\/1.6-10.jpg?resize=768%2C512&amp;ssl=1 768w, https:\/\/i0.wp.com\/apan.gob.mx\/portal\/wp-content\/uploads\/2026\/03\/1.6-10.jpg?resize=1536%2C1024&amp;ssl=1 1536w, https:\/\/i0.wp.com\/apan.gob.mx\/portal\/wp-content\/uploads\/2026\/03\/1.6-10.jpg?w=2048&amp;ssl=1 2048w\" sizes=\"(max-width: 1000px) 100vw, 1000px\" \/><\/figure>\n\n\n\n<figure class=\"wp-block-image size-large\"><img data-recalc-dims=\"1\" loading=\"lazy\" decoding=\"async\" width=\"1024\" height=\"683\" data-id=\"33765\" src=\"https:\/\/i0.wp.com\/apan.gob.mx\/portal\/wp-content\/uploads\/2026\/03\/1.7-7.jpg?resize=1024%2C683&#038;ssl=1\" alt=\"\" class=\"wp-image-33765\" srcset=\"https:\/\/i0.wp.com\/apan.gob.mx\/portal\/wp-content\/uploads\/2026\/03\/1.7-7.jpg?resize=1024%2C683&amp;ssl=1 1024w, https:\/\/i0.wp.com\/apan.gob.mx\/portal\/wp-content\/uploads\/2026\/03\/1.7-7.jpg?resize=300%2C200&amp;ssl=1 300w, https:\/\/i0.wp.com\/apan.gob.mx\/portal\/wp-content\/uploads\/2026\/03\/1.7-7.jpg?resize=768%2C512&amp;ssl=1 768w, https:\/\/i0.wp.com\/apan.gob.mx\/portal\/wp-content\/uploads\/2026\/03\/1.7-7.jpg?resize=1536%2C1024&amp;ssl=1 1536w, https:\/\/i0.wp.com\/apan.gob.mx\/portal\/wp-content\/uploads\/2026\/03\/1.7-7.jpg?w=2048&amp;ssl=1 2048w\" sizes=\"(max-width: 1000px) 100vw, 1000px\" \/><\/figure>\n\n\n\n<figure class=\"wp-block-image size-large\"><img data-recalc-dims=\"1\" loading=\"lazy\" decoding=\"async\" width=\"1024\" height=\"683\" data-id=\"33767\" src=\"https:\/\/i0.wp.com\/apan.gob.mx\/portal\/wp-content\/uploads\/2026\/03\/1.8-3.jpg?resize=1024%2C683&#038;ssl=1\" alt=\"\" class=\"wp-image-33767\" srcset=\"https:\/\/i0.wp.com\/apan.gob.mx\/portal\/wp-content\/uploads\/2026\/03\/1.8-3.jpg?resize=1024%2C683&amp;ssl=1 1024w, https:\/\/i0.wp.com\/apan.gob.mx\/portal\/wp-content\/uploads\/2026\/03\/1.8-3.jpg?resize=300%2C200&amp;ssl=1 300w, https:\/\/i0.wp.com\/apan.gob.mx\/portal\/wp-content\/uploads\/2026\/03\/1.8-3.jpg?resize=768%2C512&amp;ssl=1 768w, https:\/\/i0.wp.com\/apan.gob.mx\/portal\/wp-content\/uploads\/2026\/03\/1.8-3.jpg?resize=1536%2C1024&amp;ssl=1 1536w, https:\/\/i0.wp.com\/apan.gob.mx\/portal\/wp-content\/uploads\/2026\/03\/1.8-3.jpg?w=2048&amp;ssl=1 2048w\" sizes=\"(max-width: 1000px) 100vw, 1000px\" \/><\/figure>\n<\/figure>\n\n\n\n<p class=\"has-text-align-justify\">Durante esta jornada, cada paso de las y los participantes simboliz\u00f3 mucho m\u00e1s que una competencia deportiva: represent\u00f3 un mensaje claro sobre la relevancia de proteger el agua, elemento esencial para la vida, el bienestar de las familias y el desarrollo de nuestro municipio. Asimismo, se llev\u00f3 a cabo la premiaci\u00f3n de las y los participantes, reconociendo no solo su esfuerzo y entusiasmo, sino tambi\u00e9n su compromiso con una causa que nos involucra a todas y todos.<\/p>\n\n\n\n<p class=\"has-text-align-justify\">En esta fecha tan significativa, se record\u00f3 que solo el 2.5 por ciento del agua en el mundo es dulce, y que gran parte de ella no es f\u00e1cilmente accesible, por lo que resulta indispensable fortalecer la cultura del cuidado del agua desde nuestros hogares y comunidades.<\/p>\n\n\n\n<p class=\"has-text-align-justify\">El Gobierno Municipal de Apan refrenda su compromiso de seguir impulsando actividades que promuevan la educaci\u00f3n ambiental, la participaci\u00f3n ciudadana y la construcci\u00f3n de un futuro m\u00e1s consciente y sostenible para todas y todos.<\/p>\n","protected":false},"excerpt":{"rendered":"<p>En el marco del D\u00eda Mundial del Agua, el municipio de Apan vivi\u00f3 una jornada llena de entusiasmo, conciencia ambiental y participaci\u00f3n ciudadana con la realizaci\u00f3n de una carrera atl\u00e9tica conmemorativa, en la que se promovi\u00f3 la importancia del cuidado y uso responsable del agua. La Presidenta Municipal dio el banderazo de salida a esta [&hellip;]<\/p>\n","protected":false},"author":4,"featured_media":33763,"comment_status":"closed","ping_status":"closed","sticky":false,"template":"","format":"standard","meta":{"_jetpack_memberships_contains_paid_content":false,"footnotes":""},"categories":[52,15],"tags":[],"class_list":["post-33762","post","type-post","status-publish","format-standard","has-post-thumbnail","hentry","category-deporte-inclusion-apan","category-prensa"],"jetpack_featured_media_url":"https:\/\/i0.wp.com\/apan.gob.mx\/portal\/wp-content\/uploads\/2026\/03\/1.2-22.jpg?fit=2048%2C1365&ssl=1","jetpack_sharing_enabled":true,"_links":{"self":[{"href":"https:\/\/apan.gob.mx\/portal\/wp-json\/wp\/v2\/posts\/33762","targetHints":{"allow":["GET"]}}],"collection":[{"href":"https:\/\/apan.gob.mx\/portal\/wp-json\/wp\/v2\/posts"}],"about":[{"href":"https:\/\/apan.gob.mx\/portal\/wp-json\/wp\/v2\/types\/post"}],"author":[{"embeddable":true,"href":"https:\/\/apan.gob.mx\/portal\/wp-json\/wp\/v2\/users\/4"}],"replies":[{"embeddable":true,"href":"https:\/\/apan.gob.mx\/portal\/wp-json\/wp\/v2\/comments?post=33762"}],"version-history":[{"count":1,"href":"https:\/\/apan.gob.mx\/portal\/wp-json\/wp\/v2\/posts\/33762\/revisions"}],"predecessor-version":[{"id":33770,"href":"https:\/\/apan.gob.mx\/portal\/wp-json\/wp\/v2\/posts\/33762\/revisions\/33770"}],"wp:featuredmedia":[{"embeddable":true,"href":"https:\/\/apan.gob.mx\/portal\/wp-json\/wp\/v2\/media\/33763"}],"wp:attachment":[{"href":"https:\/\/apan.gob.mx\/portal\/wp-json\/wp\/v2\/media?parent=33762"}],"wp:term":[{"taxonomy":"category","embeddable":true,"href":"https:\/\/apan.gob.mx\/portal\/wp-json\/wp\/v2\/categories?post=33762"},{"taxonomy":"post_tag","embeddable":true,"href":"https:\/\/apan.gob.mx\/portal\/wp-json\/wp\/v2\/tags?post=33762"}],"curies":[{"name":"wp","href":"https:\/\/api.w.org\/{rel}","templated":true}]}}