{"id":33852,"date":"2026-03-10T11:42:34","date_gmt":"2026-03-10T17:42:34","guid":{"rendered":"https:\/\/apan.gob.mx\/portal\/?p=33852"},"modified":"2026-03-21T11:45:42","modified_gmt":"2026-03-21T17:45:42","slug":"desarrollo-agropecuario-fortalece-acercamiento-con-productores-en-santa-cruz","status":"publish","type":"post","link":"https:\/\/apan.gob.mx\/portal\/2026\/03\/10\/desarrollo-agropecuario-fortalece-acercamiento-con-productores-en-santa-cruz\/","title":{"rendered":"Desarrollo Agropecuario fortalece acercamiento con productores en Santa Cruz"},"content":{"rendered":"\n<p class=\"has-text-align-justify\">En la comunidad de Santa Cruz, la Direcci\u00f3n de Desarrollo Agropecuario Municipal realiz\u00f3 un primer acercamiento con el objetivo de generar v\u00ednculos de colaboraci\u00f3n y contribuir en futuras actividades en beneficio del sector productivo.<\/p>\n\n\n\n<p class=\"has-text-align-justify\">Durante este encuentro, se reconoci\u00f3 la importante labor que impulsa la Secretar\u00eda de Agricultura a trav\u00e9s del programa Escuelas De Campo, mediante el cual las y los productores elaboran lixiviados de lombriz, bioestimulantes y fertilizantes org\u00e1nicos, insumos que actualmente son aplicados en cultivos de cebada, ma\u00edz y hortalizas.<\/p>\n\n\n\n<p class=\"has-text-align-justify\">Estas acciones representan una alternativa sustentable para fortalecer la producci\u00f3n agr\u00edcola, promoviendo pr\u00e1cticas responsables con el medio ambiente y favoreciendo mejores resultados en el campo.<\/p>\n\n\n\n<p class=\"has-text-align-justify\">La Direcci\u00f3n de Desarrollo Agropecuario Municipal agradeci\u00f3 el enlace de la Ing. Agr\u00f3noma Mireli por la invitaci\u00f3n y la disposici\u00f3n para sumar esfuerzos en favor de las y los productores de la regi\u00f3n.<\/p>\n\n\n\n<p class=\"has-text-align-justify\">El Gobierno Municipal refrenda su compromiso de trabajar de la mano con el sector agropecuario, impulsando acciones que fortalezcan el desarrollo del campo y mejoren las condiciones de producci\u00f3n en el municipio.<\/p>\n\n\n\n<div class=\"wp-block-jetpack-tiled-gallery aligncenter is-style-rectangular\"><div class=\"tiled-gallery__gallery\"><div class=\"tiled-gallery__row\"><div class=\"tiled-gallery__col\" style=\"flex-basis:26.49539%\"><figure class=\"tiled-gallery__item\"><img decoding=\"async\" srcset=\"https:\/\/i1.wp.com\/apan.gob.mx\/portal\/wp-content\/uploads\/2026\/03\/1.1-39-768x1024.jpg?strip=info&#038;w=600&#038;ssl=1 600w,https:\/\/i1.wp.com\/apan.gob.mx\/portal\/wp-content\/uploads\/2026\/03\/1.1-39-768x1024.jpg?strip=info&#038;w=900&#038;ssl=1 900w,https:\/\/i1.wp.com\/apan.gob.mx\/portal\/wp-content\/uploads\/2026\/03\/1.1-39-768x1024.jpg?strip=info&#038;w=1200&#038;ssl=1 1200w\" alt=\"\" data-height=\"1600\" data-id=\"33853\" data-link=\"https:\/\/apan.gob.mx\/portal\/?attachment_id=33853\" data-url=\"https:\/\/apan.gob.mx\/portal\/wp-content\/uploads\/2026\/03\/1.1-39-768x1024.jpg\" data-width=\"1200\" src=\"https:\/\/i1.wp.com\/apan.gob.mx\/portal\/wp-content\/uploads\/2026\/03\/1.1-39-768x1024.jpg?ssl=1\" data-amp-layout=\"responsive\" \/><\/figure><\/div><div class=\"tiled-gallery__col\" style=\"flex-basis:26.49539%\"><figure class=\"tiled-gallery__item\"><img decoding=\"async\" srcset=\"https:\/\/i0.wp.com\/apan.gob.mx\/portal\/wp-content\/uploads\/2026\/03\/1.2-31-768x1024.jpg?strip=info&#038;w=600&#038;ssl=1 600w,https:\/\/i0.wp.com\/apan.gob.mx\/portal\/wp-content\/uploads\/2026\/03\/1.2-31-768x1024.jpg?strip=info&#038;w=900&#038;ssl=1 900w,https:\/\/i0.wp.com\/apan.gob.mx\/portal\/wp-content\/uploads\/2026\/03\/1.2-31-768x1024.jpg?strip=info&#038;w=1200&#038;ssl=1 1200w\" alt=\"\" data-height=\"1600\" data-id=\"33854\" data-link=\"https:\/\/apan.gob.mx\/portal\/?attachment_id=33854\" data-url=\"https:\/\/apan.gob.mx\/portal\/wp-content\/uploads\/2026\/03\/1.2-31-768x1024.jpg\" data-width=\"1200\" src=\"https:\/\/i0.wp.com\/apan.gob.mx\/portal\/wp-content\/uploads\/2026\/03\/1.2-31-768x1024.jpg?ssl=1\" data-amp-layout=\"responsive\" \/><\/figure><\/div><div class=\"tiled-gallery__col\" style=\"flex-basis:47.00922%\"><figure class=\"tiled-gallery__item\"><img decoding=\"async\" srcset=\"https:\/\/i2.wp.com\/apan.gob.mx\/portal\/wp-content\/uploads\/2026\/03\/1.3-31-1024x768.jpg?strip=info&#038;w=600&#038;ssl=1 600w,https:\/\/i2.wp.com\/apan.gob.mx\/portal\/wp-content\/uploads\/2026\/03\/1.3-31-1024x768.jpg?strip=info&#038;w=900&#038;ssl=1 900w,https:\/\/i2.wp.com\/apan.gob.mx\/portal\/wp-content\/uploads\/2026\/03\/1.3-31-1024x768.jpg?strip=info&#038;w=1200&#038;ssl=1 1200w,https:\/\/i2.wp.com\/apan.gob.mx\/portal\/wp-content\/uploads\/2026\/03\/1.3-31-1024x768.jpg?strip=info&#038;w=1500&#038;ssl=1 1500w,https:\/\/i2.wp.com\/apan.gob.mx\/portal\/wp-content\/uploads\/2026\/03\/1.3-31-1024x768.jpg?strip=info&#038;w=1600&#038;ssl=1 1600w\" alt=\"\" data-height=\"1200\" data-id=\"33855\" data-link=\"https:\/\/apan.gob.mx\/portal\/?attachment_id=33855\" data-url=\"https:\/\/apan.gob.mx\/portal\/wp-content\/uploads\/2026\/03\/1.3-31-1024x768.jpg\" data-width=\"1600\" src=\"https:\/\/i2.wp.com\/apan.gob.mx\/portal\/wp-content\/uploads\/2026\/03\/1.3-31-1024x768.jpg?ssl=1\" data-amp-layout=\"responsive\" \/><\/figure><\/div><\/div><\/div><\/div>\n","protected":false},"excerpt":{"rendered":"<p>En la comunidad de Santa Cruz, la Direcci\u00f3n de Desarrollo Agropecuario Municipal realiz\u00f3 un primer acercamiento con el objetivo de generar v\u00ednculos de colaboraci\u00f3n y contribuir en futuras actividades en beneficio del sector productivo. Durante este encuentro, se reconoci\u00f3 la importante labor que impulsa la Secretar\u00eda de Agricultura a trav\u00e9s del programa Escuelas De Campo, [&hellip;]<\/p>\n","protected":false},"author":4,"featured_media":33856,"comment_status":"closed","ping_status":"closed","sticky":false,"template":"","format":"standard","meta":{"_jetpack_memberships_contains_paid_content":false,"footnotes":""},"categories":[50,15],"tags":[],"class_list":["post-33852","post","type-post","status-publish","format-standard","has-post-thumbnail","hentry","category-campo-apan","category-prensa"],"jetpack_featured_media_url":"https:\/\/i0.wp.com\/apan.gob.mx\/portal\/wp-content\/uploads\/2026\/03\/1.4-25.jpg?fit=1200%2C1600&ssl=1","jetpack_sharing_enabled":true,"_links":{"self":[{"href":"https:\/\/apan.gob.mx\/portal\/wp-json\/wp\/v2\/posts\/33852","targetHints":{"allow":["GET"]}}],"collection":[{"href":"https:\/\/apan.gob.mx\/portal\/wp-json\/wp\/v2\/posts"}],"about":[{"href":"https:\/\/apan.gob.mx\/portal\/wp-json\/wp\/v2\/types\/post"}],"author":[{"embeddable":true,"href":"https:\/\/apan.gob.mx\/portal\/wp-json\/wp\/v2\/users\/4"}],"replies":[{"embeddable":true,"href":"https:\/\/apan.gob.mx\/portal\/wp-json\/wp\/v2\/comments?post=33852"}],"version-history":[{"count":1,"href":"https:\/\/apan.gob.mx\/portal\/wp-json\/wp\/v2\/posts\/33852\/revisions"}],"predecessor-version":[{"id":33857,"href":"https:\/\/apan.gob.mx\/portal\/wp-json\/wp\/v2\/posts\/33852\/revisions\/33857"}],"wp:featuredmedia":[{"embeddable":true,"href":"https:\/\/apan.gob.mx\/portal\/wp-json\/wp\/v2\/media\/33856"}],"wp:attachment":[{"href":"https:\/\/apan.gob.mx\/portal\/wp-json\/wp\/v2\/media?parent=33852"}],"wp:term":[{"taxonomy":"category","embeddable":true,"href":"https:\/\/apan.gob.mx\/portal\/wp-json\/wp\/v2\/categories?post=33852"},{"taxonomy":"post_tag","embeddable":true,"href":"https:\/\/apan.gob.mx\/portal\/wp-json\/wp\/v2\/tags?post=33852"}],"curies":[{"name":"wp","href":"https:\/\/api.w.org\/{rel}","templated":true}]}}