{"id":33896,"date":"2026-03-23T10:00:00","date_gmt":"2026-03-23T16:00:00","guid":{"rendered":"https:\/\/apan.gob.mx\/portal\/?p=33896"},"modified":"2026-03-23T15:31:48","modified_gmt":"2026-03-23T21:31:48","slug":"mananera-del-pueblo-23-de-marzo-de-2026","status":"publish","type":"post","link":"https:\/\/apan.gob.mx\/portal\/2026\/03\/23\/mananera-del-pueblo-23-de-marzo-de-2026\/","title":{"rendered":"\u00a0MA\u00d1ANERA DEL PUEBLO 23 DE MARZO DE 2026"},"content":{"rendered":"\n<p><em>Destacan acciones y resultados en bienestar, seguridad, salud y obra p\u00fablica durante la Ma\u00f1anera del Pueblo<\/em><\/p>\n\n\n\n<p class=\"has-text-align-justify\">Durante la Ma\u00f1anera del Pueblo, encabezada por la presidenta municipal, Dra. Zorayda Robles, se dieron a conocer avances y acciones en materia de bienestar social, salud, seguridad, obra p\u00fablica, recaudaci\u00f3n y desarrollo econ\u00f3mico, adem\u00e1s de reiterar la invitaci\u00f3n a la ciudadan\u00eda para asistir a la pr\u00f3xima Feria del Maguey, la Cebada y el Pulque 2026.<\/p>\n\n\n\n<p class=\"has-text-align-justify\">Al inicio de la conferencia, la presidenta municipal destac\u00f3 el crecimiento del grupo de adultos mayores Alegre Juventud, que pas\u00f3 de contar con alrededor de 36 integrantes a reunir hoy a m\u00e1s de 200 personas, resultado de las actividades y espacios de atenci\u00f3n que se han impulsado para este sector de la poblaci\u00f3n.<\/p>\n\n\n\n<p class=\"has-text-align-justify\">En esta ocasi\u00f3n se cont\u00f3 con la presencia del Mtro. Francisco Tobal Quezada, delegado regional del Bienestar, quien comparti\u00f3 informaci\u00f3n sobre diversos programas sociales, entre ellos el dirigido a personas con discapacidad. Explic\u00f3 que en la unidad de IMSS Bienestar puede tramitarse el certificado de discapacidad o incapacidad para determinadas actividades, documento necesario para acceder a este tipo de apoyos. Asimismo, anunci\u00f3 que pr\u00f3ximamente se llevar\u00e1 a cabo un proceso de credencializaci\u00f3n para personas de todas las edades, a fin de facilitar el acceso a los servicios de salud. Tambi\u00e9n puso a disposici\u00f3n de la ciudadan\u00eda el n\u00famero 771 121 9911 para resolver dudas relacionadas con programas sociales.<\/p>\n\n\n\n<p class=\"has-text-align-justify\">Por su parte, la secretaria municipal, Lic. Litzahaya Sarai Monta\u00f1o Olvera, inform\u00f3 que contin\u00faan las verificaciones vehiculares, registrando hasta el momento 95 autom\u00f3viles verificados. Record\u00f3 que este tr\u00e1mite no es gratuito y debe realizarse mediante cita previa en la plataforma oficial del Gobierno del Estado <a href=\"https:\/\/verificacionvehicular.hidalgo.gob.mx\/citas\" data-type=\"URL\" data-id=\"https:\/\/verificacionvehicular.hidalgo.gob.mx\/citas\">https:\/\/verificacionvehicular.hidalgo.gob.mx\/citas<\/a>.  Asimismo, reiter\u00f3 la invitaci\u00f3n a la ciudadan\u00eda a asistir a la Feria del Maguey, la Cebada y el Pulque 2026, que dar\u00e1 inicio el pr\u00f3ximo 28 de marzo, con inauguraci\u00f3n programada a las 8:45 de la noche.<\/p>\n\n\n\n<p class=\"has-text-align-justify\">De igual manera, destac\u00f3 que Apan fue seleccionada como una de las ocho sedes para realizar las actividades de \u201cDonde fluye el agua, crece la igualdad\u201d, celebradas el pasado 18 de marzo para promover el cuidado del agua. En este marco se llev\u00f3 a cabo una carrera atl\u00e9tica con la participaci\u00f3n del COBAEH Apan, as\u00ed como de municipios vecinos como Tlanalapa, Almoloya, Emiliano Zapata y Tepeapulco, adem\u00e1s de instituciones educativas, empresas del municipio y la Secretar\u00eda de Medio Ambiente del Estado. Tambi\u00e9n se realizaron 14 talleres interactivos con la participaci\u00f3n de distintas \u00e1reas del municipio e instituciones educativas.<\/p>\n\n\n\n<p class=\"has-text-align-justify\">En su intervenci\u00f3n, la Lic. Irene Sagah\u00f3n, inform\u00f3 sobre los servicios que brinda el Sistema DIF Municipal, destacando nuevamente el crecimiento del grupo de adultos mayores, que actualmente re\u00fane a casi 200 integrantes distribuidos en diferentes comunidades de la regi\u00f3n. Adem\u00e1s, se\u00f1al\u00f3 que se realizaron 250 valoraciones adicionales para la entrega de lentes gratuitos.<\/p>\n\n\n\n<p class=\"has-text-align-justify\">En materia de seguridad, el subinspector Alejandro Ju\u00e1rez, director de Seguridad P\u00fablica, inform\u00f3 que contin\u00faan llev\u00e1ndose a cabo las Mesas de la Paz, en coordinaci\u00f3n con los tres \u00f3rdenes de gobierno. Report\u00f3 la detenci\u00f3n de siete personas por diferentes conductas que afectaron a la sociedad, as\u00ed como la atenci\u00f3n de un reporte relacionado con timos. Tambi\u00e9n anunci\u00f3 la implementaci\u00f3n de un plan operativo especial, coordinado con la Polic\u00eda Estatal y la Guardia Nacional, con motivo de la Feria del Maguey, la Cebada y el Pulque 2026. Asimismo, se\u00f1al\u00f3 que continuar\u00e1 el monitoreo del programa Casco Seguro, e inform\u00f3 a la ciudadan\u00eda que durante esta semana comenzar\u00e1n a aplicarse sanciones a quienes incumplan con esta medida.<\/p>\n\n\n\n<div class=\"wp-block-jetpack-tiled-gallery aligncenter is-style-rectangular\"><div class=\"tiled-gallery__gallery\"><div class=\"tiled-gallery__row\"><div class=\"tiled-gallery__col\" style=\"flex-basis:100.00000%\"><figure class=\"tiled-gallery__item\"><img decoding=\"async\" srcset=\"https:\/\/i1.wp.com\/apan.gob.mx\/portal\/wp-content\/uploads\/2026\/03\/1.1-4-1024x560.png?strip=info&#038;w=600&#038;ssl=1 600w,https:\/\/i1.wp.com\/apan.gob.mx\/portal\/wp-content\/uploads\/2026\/03\/1.1-4-1024x560.png?strip=info&#038;w=900&#038;ssl=1 900w,https:\/\/i1.wp.com\/apan.gob.mx\/portal\/wp-content\/uploads\/2026\/03\/1.1-4-1024x560.png?strip=info&#038;w=1200&#038;ssl=1 1200w,https:\/\/i1.wp.com\/apan.gob.mx\/portal\/wp-content\/uploads\/2026\/03\/1.1-4-1024x560.png?strip=info&#038;w=1445&#038;ssl=1 1445w\" alt=\"\" data-height=\"790\" data-id=\"33897\" data-link=\"https:\/\/apan.gob.mx\/portal\/?attachment_id=33897\" data-url=\"https:\/\/apan.gob.mx\/portal\/wp-content\/uploads\/2026\/03\/1.1-4-1024x560.png\" data-width=\"1445\" src=\"https:\/\/i1.wp.com\/apan.gob.mx\/portal\/wp-content\/uploads\/2026\/03\/1.1-4-1024x560.png?ssl=1\" data-amp-layout=\"responsive\" \/><\/figure><\/div><\/div><\/div><\/div>\n\n\n\n<p class=\"has-text-align-justify\">En materia de obra p\u00fablica, se inform\u00f3 que esta semana quedar\u00e1n concluidos al 100 por ciento los trabajos del Rastro Municipal, una vez atendidas las observaciones realizadas. Tambi\u00e9n se dio a conocer que el pasado viernes se recibi\u00f3 una capacitaci\u00f3n por parte del FAIS, en la que se hizo \u00e9nfasis en la ejecuci\u00f3n de obras prioritarias, como drenaje, agua potable y electrificaci\u00f3n.<\/p>\n\n\n\n<p class=\"has-text-align-justify\">Adem\u00e1s, se se\u00f1al\u00f3 que de septiembre a diciembre se realizaron 14 obras, mientras que en 2025 se concluyeron 44 obras, enfocadas principalmente en infraestructura b\u00e1sica. A ello se suman 82 cuartos adicionales, destinados a abatir el rezago social en el municipio.<\/p>\n\n\n\n<p class=\"has-text-align-justify\">Por su parte, la tesorera municipal, Lic. Julissa, inform\u00f3 sobre la firma de un convenio con la Secretar\u00eda de Hacienda del Estado de Hidalgo para la recaudaci\u00f3n del impuesto predial, mediante una nueva plataforma catastral estatal que permitir\u00e1 a la ciudadan\u00eda realizar pagos desde cualquier lugar y descargar sus recibos de manera digital.<\/p>\n\n\n\n<p class=\"has-text-align-justify\">En materia de salud, el Dr. Luis Mario Vigueras reiter\u00f3 la alerta epidemiol\u00f3gica por sarampi\u00f3n e hizo un llamado a la poblaci\u00f3n para continuar con los esquemas de vacunaci\u00f3n, adem\u00e1s de mantener precauciones ante la presencia del gusano barrenador. En cuanto a salud animal, invit\u00f3 a la ciudadan\u00eda a seguir vacunando y esterilizando a sus mascotas, informando que ya se superaron las 2 mil 700 esterilizaciones, una cifra hist\u00f3rica para el municipio.<\/p>\n\n\n\n<p class=\"has-text-align-justify\">Tambi\u00e9n destac\u00f3 que contin\u00faan las acciones para prevenir y combatir las adicciones. Como parte de este esfuerzo, se realizaron tamizajes a aproximadamente 760 estudiantes en la Preparatoria C.B.T.A. No. 152.<\/p>\n\n\n\n<p class=\"has-text-align-justify\">Finalmente, en materia de desarrollo econ\u00f3mico, el director Luis Montalvo inform\u00f3 que se encuentra abierta la convocatoria \u201cTransformando la Juventud\u201d, dirigida a impulsar la participaci\u00f3n y oportunidades para este sector de la poblaci\u00f3n.<\/p>\n\n\n\n<p>El Gobierno Municipal de Apan reafirma su compromiso de seguir trabajando con responsabilidad, cercan\u00eda y resultados en beneficio de las y los ciudadanos.<\/p>\n\n\n\n<figure class=\"wp-block-embed is-type-video is-provider-youtube wp-block-embed-youtube wp-embed-aspect-16-9 wp-has-aspect-ratio\"><div class=\"wp-block-embed__wrapper\">\n<iframe title=\"Ma\u00f1anera del pueblo 23 de marzo del 2026I Parte 1\" width=\"500\" height=\"281\" src=\"https:\/\/www.youtube.com\/embed\/Rt5-Myu9o7Q?feature=oembed\" frameborder=\"0\" allow=\"accelerometer; autoplay; clipboard-write; encrypted-media; gyroscope; picture-in-picture; web-share\" referrerpolicy=\"strict-origin-when-cross-origin\" allowfullscreen><\/iframe>\n<\/div><\/figure>\n\n\n<nav class=\"is-responsive wp-block-navigation is-layout-flex wp-block-navigation-is-layout-flex\" \n\t\t data-wp-interactive=\"core\/navigation\" data-wp-context='{\"overlayOpenedBy\":{\"click\":false,\"hover\":false,\"focus\":false},\"type\":\"overlay\",\"roleAttribute\":\"\",\"ariaLabel\":\"Men\\u00fa\"}'><button aria-haspopup=\"dialog\" aria-label=\"Abrir el men\u00fa\" class=\"wp-block-navigation__responsive-container-open\" \n\t\t\t\tdata-wp-on--click=\"actions.openMenuOnClick\"\n\t\t\t\tdata-wp-on--keydown=\"actions.handleMenuKeydown\"\n\t\t\t><svg width=\"24\" height=\"24\" xmlns=\"http:\/\/www.w3.org\/2000\/svg\" viewBox=\"0 0 24 24\" aria-hidden=\"true\" focusable=\"false\"><path d=\"M4 7.5h16v1.5H4z\"><\/path><path d=\"M4 15h16v1.5H4z\"><\/path><\/svg><\/button>\n\t\t\t\t<div class=\"wp-block-navigation__responsive-container\"  id=\"modal-1\" \n\t\t\t\tdata-wp-class--has-modal-open=\"state.isMenuOpen\"\n\t\t\t\tdata-wp-class--is-menu-open=\"state.isMenuOpen\"\n\t\t\t\tdata-wp-watch=\"callbacks.initMenu\"\n\t\t\t\tdata-wp-on--keydown=\"actions.handleMenuKeydown\"\n\t\t\t\tdata-wp-on--focusout=\"actions.handleMenuFocusout\"\n\t\t\t\ttabindex=\"-1\"\n\t\t\t>\n\t\t\t\t\t<div class=\"wp-block-navigation__responsive-close\" tabindex=\"-1\">\n\t\t\t\t\t\t<div class=\"wp-block-navigation__responsive-dialog\" \n\t\t\t\tdata-wp-bind--aria-modal=\"state.ariaModal\"\n\t\t\t\tdata-wp-bind--aria-label=\"state.ariaLabel\"\n\t\t\t\tdata-wp-bind--role=\"state.roleAttribute\"\n\t\t\t>\n\t\t\t\t\t\t\t<button aria-label=\"Cerrar el men\u00fa\" class=\"wp-block-navigation__responsive-container-close\" \n\t\t\t\tdata-wp-on--click=\"actions.closeMenuOnClick\"\n\t\t\t><svg xmlns=\"http:\/\/www.w3.org\/2000\/svg\" viewBox=\"0 0 24 24\" width=\"24\" height=\"24\" aria-hidden=\"true\" focusable=\"false\"><path d=\"m13.06 12 6.47-6.47-1.06-1.06L12 10.94 5.53 4.47 4.47 5.53 10.94 12l-6.47 6.47 1.06 1.06L12 13.06l6.47 6.47 1.06-1.06L13.06 12Z\"><\/path><\/svg><\/button>\n\t\t\t\t\t\t\t<div class=\"wp-block-navigation__responsive-container-content\" \n\t\t\t\tdata-wp-watch=\"callbacks.focusFirstElement\"\n\t\t\t id=\"modal-1-content\">\n\t\t\t\t\t\t\t\t<ul class=\"wp-block-navigation__container is-responsive wp-block-navigation\"><li class=\" wp-block-navigation-item  menu-item menu-item-type-post_type menu-item-object-page menu-item-home wp-block-navigation-link\"><a class=\"wp-block-navigation-item__content\"  href=\"https:\/\/apan.gob.mx\/portal\/\" title=\"\"><span class=\"wp-block-navigation-item__label\">Inicio<\/span><\/a><\/li><li class=\" wp-block-navigation-item  menu-item menu-item-type-custom menu-item-object-custom wp-block-navigation-link\"><a class=\"wp-block-navigation-item__content\"  href=\"#\" title=\"\"><span class=\"wp-block-navigation-item__label\">Gobierno Cercano<\/span><\/a><\/li><li data-wp-context=\"{ &quot;submenuOpenedBy&quot;: { &quot;click&quot;: false, &quot;hover&quot;: false, &quot;focus&quot;: false }, &quot;type&quot;: &quot;submenu&quot;, &quot;modal&quot;: null, &quot;previousFocus&quot;: null }\" data-wp-interactive=\"core\/navigation\" data-wp-on--focusout=\"actions.handleMenuFocusout\" data-wp-on--keydown=\"actions.handleMenuKeydown\" data-wp-on--mouseenter=\"actions.openMenuOnHover\" data-wp-on--mouseleave=\"actions.closeMenuOnHover\" data-wp-watch=\"callbacks.initMenu\" tabindex=\"-1\" class=\"wp-block-navigation-item has-child open-on-hover-click  menu-item menu-item-type-custom menu-item-object-custom wp-block-navigation-submenu\"><a class=\"wp-block-navigation-item__content\" href=\"#\" title=\"\"><span class=\"wp-block-navigation-item__label\">Municipio<\/span><\/a><button data-wp-bind--aria-expanded=\"state.isMenuOpen\" data-wp-on--click=\"actions.toggleMenuOnClick\" aria-label=\"Submen\u00fa de Municipio\" class=\"wp-block-navigation__submenu-icon wp-block-navigation-submenu__toggle\" ><svg xmlns=\"http:\/\/www.w3.org\/2000\/svg\" width=\"12\" height=\"12\" viewBox=\"0 0 12 12\" fill=\"none\" aria-hidden=\"true\" focusable=\"false\"><path d=\"M1.50002 4L6.00002 8L10.5 4\" stroke-width=\"1.5\"><\/path><\/svg><\/button><ul data-wp-on--focus=\"actions.openMenuOnFocus\" class=\"wp-block-navigation__submenu-container  menu-item menu-item-type-custom menu-item-object-custom wp-block-navigation-submenu\"><li class=\" wp-block-navigation-item  menu-item menu-item-type-custom menu-item-object-custom wp-block-navigation-link\"><a class=\"wp-block-navigation-item__content\"  href=\"#\" title=\"\"><span class=\"wp-block-navigation-item__label\">Turismo<\/span><\/a><\/li><\/ul><\/li><li data-wp-context=\"{ &quot;submenuOpenedBy&quot;: { &quot;click&quot;: false, &quot;hover&quot;: false, &quot;focus&quot;: false }, &quot;type&quot;: &quot;submenu&quot;, &quot;modal&quot;: null, &quot;previousFocus&quot;: null }\" data-wp-interactive=\"core\/navigation\" data-wp-on--focusout=\"actions.handleMenuFocusout\" data-wp-on--keydown=\"actions.handleMenuKeydown\" data-wp-on--mouseenter=\"actions.openMenuOnHover\" data-wp-on--mouseleave=\"actions.closeMenuOnHover\" data-wp-watch=\"callbacks.initMenu\" tabindex=\"-1\" class=\"wp-block-navigation-item has-child open-on-hover-click  menu-item menu-item-type-custom menu-item-object-custom wp-block-navigation-submenu\"><a class=\"wp-block-navigation-item__content\" href=\"#\" title=\"\"><span class=\"wp-block-navigation-item__label\">Transparencia<\/span><\/a><button data-wp-bind--aria-expanded=\"state.isMenuOpen\" data-wp-on--click=\"actions.toggleMenuOnClick\" aria-label=\"Submen\u00fa de Transparencia\" class=\"wp-block-navigation__submenu-icon wp-block-navigation-submenu__toggle\" ><svg xmlns=\"http:\/\/www.w3.org\/2000\/svg\" width=\"12\" height=\"12\" viewBox=\"0 0 12 12\" fill=\"none\" aria-hidden=\"true\" focusable=\"false\"><path d=\"M1.50002 4L6.00002 8L10.5 4\" stroke-width=\"1.5\"><\/path><\/svg><\/button><ul data-wp-on--focus=\"actions.openMenuOnFocus\" class=\"wp-block-navigation__submenu-container  menu-item menu-item-type-custom menu-item-object-custom wp-block-navigation-submenu\"><li class=\" wp-block-navigation-item  menu-item menu-item-type-custom menu-item-object-custom wp-block-navigation-link\"><a class=\"wp-block-navigation-item__content\"  href=\"#\" title=\"\"><span class=\"wp-block-navigation-item__label\">Informaci\u00f3n p\u00fablica<\/span><\/a><\/li><li class=\" wp-block-navigation-item  menu-item menu-item-type-custom menu-item-object-custom wp-block-navigation-link\"><a class=\"wp-block-navigation-item__content\"  href=\"#\" title=\"\"><span class=\"wp-block-navigation-item__label\">C\u00f3mite de entrega recepci\u00f3n 2020<\/span><\/a><\/li><li class=\" wp-block-navigation-item  menu-item menu-item-type-custom menu-item-object-custom wp-block-navigation-link\"><a class=\"wp-block-navigation-item__content\"  href=\"#\" title=\"\"><span class=\"wp-block-navigation-item__label\">Transparencia proactiva<\/span><\/a><\/li><li class=\" wp-block-navigation-item  menu-item menu-item-type-custom menu-item-object-custom wp-block-navigation-link\"><a class=\"wp-block-navigation-item__content\"  href=\"#\" title=\"\"><span class=\"wp-block-navigation-item__label\">S.U.T.S.M.A.H.<\/span><\/a><\/li><li data-wp-context=\"{ &quot;submenuOpenedBy&quot;: { &quot;click&quot;: false, &quot;hover&quot;: false, &quot;focus&quot;: false }, &quot;type&quot;: &quot;submenu&quot;, &quot;modal&quot;: null, &quot;previousFocus&quot;: null }\" data-wp-interactive=\"core\/navigation\" data-wp-on--focusout=\"actions.handleMenuFocusout\" data-wp-on--keydown=\"actions.handleMenuKeydown\" data-wp-on--mouseenter=\"actions.openMenuOnHover\" data-wp-on--mouseleave=\"actions.closeMenuOnHover\" data-wp-watch=\"callbacks.initMenu\" tabindex=\"-1\" class=\"wp-block-navigation-item has-child open-on-hover-click  menu-item menu-item-type-custom menu-item-object-custom wp-block-navigation-submenu\"><a class=\"wp-block-navigation-item__content\" href=\"#\" title=\"\"><span class=\"wp-block-navigation-item__label\">C\u00f3digo de \u00e9tica<\/span><\/a><button data-wp-bind--aria-expanded=\"state.isMenuOpen\" data-wp-on--click=\"actions.toggleMenuOnClick\" aria-label=\"Submen\u00fa de C\u00f3digo de \u00e9tica\" class=\"wp-block-navigation__submenu-icon wp-block-navigation-submenu__toggle\" ><svg xmlns=\"http:\/\/www.w3.org\/2000\/svg\" width=\"12\" height=\"12\" viewBox=\"0 0 12 12\" fill=\"none\" aria-hidden=\"true\" focusable=\"false\"><path d=\"M1.50002 4L6.00002 8L10.5 4\" stroke-width=\"1.5\"><\/path><\/svg><\/button><ul data-wp-on--focus=\"actions.openMenuOnFocus\" class=\"wp-block-navigation__submenu-container  menu-item menu-item-type-custom menu-item-object-custom wp-block-navigation-submenu\"><li class=\" wp-block-navigation-item  menu-item menu-item-type-custom menu-item-object-custom wp-block-navigation-link\"><a class=\"wp-block-navigation-item__content\"  href=\"#\" title=\"\"><span class=\"wp-block-navigation-item__label\">Manuales<\/span><\/a><\/li><\/ul><\/li><li data-wp-context=\"{ &quot;submenuOpenedBy&quot;: { &quot;click&quot;: false, &quot;hover&quot;: false, &quot;focus&quot;: false }, &quot;type&quot;: &quot;submenu&quot;, &quot;modal&quot;: null, &quot;previousFocus&quot;: null }\" data-wp-interactive=\"core\/navigation\" data-wp-on--focusout=\"actions.handleMenuFocusout\" data-wp-on--keydown=\"actions.handleMenuKeydown\" data-wp-on--mouseenter=\"actions.openMenuOnHover\" data-wp-on--mouseleave=\"actions.closeMenuOnHover\" data-wp-watch=\"callbacks.initMenu\" tabindex=\"-1\" class=\"wp-block-navigation-item has-child open-on-hover-click  menu-item menu-item-type-custom menu-item-object-custom wp-block-navigation-submenu\"><a class=\"wp-block-navigation-item__content\" href=\"#\" title=\"\"><span class=\"wp-block-navigation-item__label\">Convocatorias Contralor\u00eda Social<\/span><\/a><button data-wp-bind--aria-expanded=\"state.isMenuOpen\" data-wp-on--click=\"actions.toggleMenuOnClick\" aria-label=\"Submen\u00fa de Convocatorias Contralor\u00eda Social\" class=\"wp-block-navigation__submenu-icon wp-block-navigation-submenu__toggle\" ><svg xmlns=\"http:\/\/www.w3.org\/2000\/svg\" width=\"12\" height=\"12\" viewBox=\"0 0 12 12\" fill=\"none\" aria-hidden=\"true\" focusable=\"false\"><path d=\"M1.50002 4L6.00002 8L10.5 4\" stroke-width=\"1.5\"><\/path><\/svg><\/button><ul data-wp-on--focus=\"actions.openMenuOnFocus\" class=\"wp-block-navigation__submenu-container  menu-item menu-item-type-custom menu-item-object-custom wp-block-navigation-submenu\"><li class=\" wp-block-navigation-item  menu-item menu-item-type-custom menu-item-object-custom wp-block-navigation-link\"><a class=\"wp-block-navigation-item__content\"  href=\"#\" title=\"\"><span class=\"wp-block-navigation-item__label\">Convocatoria Contralor\u00eda Social 2019<\/span><\/a><\/li><li class=\" wp-block-navigation-item  menu-item menu-item-type-custom menu-item-object-custom wp-block-navigation-link\"><a class=\"wp-block-navigation-item__content\"  href=\"#\" title=\"\"><span class=\"wp-block-navigation-item__label\">Convocatoria Contralor\u00eda Social 2020<\/span><\/a><\/li><\/ul><\/li><li class=\" wp-block-navigation-item  menu-item menu-item-type-custom menu-item-object-custom wp-block-navigation-link\"><a class=\"wp-block-navigation-item__content\"  href=\"#\" title=\"\"><span class=\"wp-block-navigation-item__label\">Lineamientos entrega recepci\u00f3n<\/span><\/a><\/li><\/ul><\/li><li data-wp-context=\"{ &quot;submenuOpenedBy&quot;: { &quot;click&quot;: false, &quot;hover&quot;: false, &quot;focus&quot;: false }, &quot;type&quot;: &quot;submenu&quot;, &quot;modal&quot;: null, &quot;previousFocus&quot;: null }\" data-wp-interactive=\"core\/navigation\" data-wp-on--focusout=\"actions.handleMenuFocusout\" data-wp-on--keydown=\"actions.handleMenuKeydown\" data-wp-on--mouseenter=\"actions.openMenuOnHover\" data-wp-on--mouseleave=\"actions.closeMenuOnHover\" data-wp-watch=\"callbacks.initMenu\" tabindex=\"-1\" class=\"wp-block-navigation-item has-child open-on-hover-click  menu-item menu-item-type-custom menu-item-object-custom wp-block-navigation-submenu\"><a class=\"wp-block-navigation-item__content\" href=\"#\" title=\"\"><span class=\"wp-block-navigation-item__label\">Armonizaci\u00f3n<\/span><\/a><button data-wp-bind--aria-expanded=\"state.isMenuOpen\" data-wp-on--click=\"actions.toggleMenuOnClick\" aria-label=\"Submen\u00fa de Armonizaci\u00f3n\" class=\"wp-block-navigation__submenu-icon wp-block-navigation-submenu__toggle\" ><svg xmlns=\"http:\/\/www.w3.org\/2000\/svg\" width=\"12\" height=\"12\" viewBox=\"0 0 12 12\" fill=\"none\" aria-hidden=\"true\" focusable=\"false\"><path d=\"M1.50002 4L6.00002 8L10.5 4\" stroke-width=\"1.5\"><\/path><\/svg><\/button><ul data-wp-on--focus=\"actions.openMenuOnFocus\" class=\"wp-block-navigation__submenu-container  menu-item menu-item-type-custom menu-item-object-custom wp-block-navigation-submenu\"><li class=\" wp-block-navigation-item  menu-item menu-item-type-custom menu-item-object-custom wp-block-navigation-link\"><a class=\"wp-block-navigation-item__content\"  href=\"#\" title=\"\"><span class=\"wp-block-navigation-item__label\">CAAPAN<\/span><\/a><\/li><li class=\" wp-block-navigation-item  menu-item menu-item-type-custom menu-item-object-custom wp-block-navigation-link\"><a class=\"wp-block-navigation-item__content\"  href=\"#\" title=\"\"><span class=\"wp-block-navigation-item__label\">Presidencia<\/span><\/a><\/li><\/ul><\/li><li data-wp-context=\"{ &quot;submenuOpenedBy&quot;: { &quot;click&quot;: false, &quot;hover&quot;: false, &quot;focus&quot;: false }, &quot;type&quot;: &quot;submenu&quot;, &quot;modal&quot;: null, &quot;previousFocus&quot;: null }\" data-wp-interactive=\"core\/navigation\" data-wp-on--focusout=\"actions.handleMenuFocusout\" data-wp-on--keydown=\"actions.handleMenuKeydown\" data-wp-on--mouseenter=\"actions.openMenuOnHover\" data-wp-on--mouseleave=\"actions.closeMenuOnHover\" data-wp-watch=\"callbacks.initMenu\" tabindex=\"-1\" class=\"wp-block-navigation-item has-child open-on-hover-click  menu-item menu-item-type-custom menu-item-object-custom wp-block-navigation-submenu\"><a class=\"wp-block-navigation-item__content\" href=\"#\" title=\"\"><span class=\"wp-block-navigation-item__label\">Archivo<\/span><\/a><button data-wp-bind--aria-expanded=\"state.isMenuOpen\" data-wp-on--click=\"actions.toggleMenuOnClick\" aria-label=\"Submen\u00fa de Archivo\" class=\"wp-block-navigation__submenu-icon wp-block-navigation-submenu__toggle\" ><svg xmlns=\"http:\/\/www.w3.org\/2000\/svg\" width=\"12\" height=\"12\" viewBox=\"0 0 12 12\" fill=\"none\" aria-hidden=\"true\" focusable=\"false\"><path d=\"M1.50002 4L6.00002 8L10.5 4\" stroke-width=\"1.5\"><\/path><\/svg><\/button><ul data-wp-on--focus=\"actions.openMenuOnFocus\" class=\"wp-block-navigation__submenu-container  menu-item menu-item-type-custom menu-item-object-custom wp-block-navigation-submenu\"><li class=\" wp-block-navigation-item  menu-item menu-item-type-custom menu-item-object-custom wp-block-navigation-link\"><a class=\"wp-block-navigation-item__content\"  href=\"#\" title=\"\"><span class=\"wp-block-navigation-item__label\">Segunda entrega<\/span><\/a><\/li><li class=\" wp-block-navigation-item  menu-item menu-item-type-custom menu-item-object-custom wp-block-navigation-link\"><a class=\"wp-block-navigation-item__content\"  href=\"#\" title=\"\"><span class=\"wp-block-navigation-item__label\">Lineamientos t\u00e9cnicos generales 2021<\/span><\/a><\/li><\/ul><\/li><li class=\" wp-block-navigation-item  menu-item menu-item-type-post_type menu-item-object-page current_page_parent wp-block-navigation-link\"><a class=\"wp-block-navigation-item__content\"  href=\"https:\/\/apan.gob.mx\/portal\/prensa\/\" title=\"\"><span class=\"wp-block-navigation-item__label\">Prensa<\/span><\/a><\/li><\/ul>\n\t\t\t\t\t\t\t<\/div>\n\t\t\t\t\t\t<\/div>\n\t\t\t\t\t<\/div>\n\t\t\t\t<\/div><\/nav>\n\n\n<figure class=\"wp-block-embed is-type-video is-provider-youtube wp-block-embed-youtube wp-embed-aspect-16-9 wp-has-aspect-ratio\"><div class=\"wp-block-embed__wrapper\">\n<iframe title=\"Ma\u00f1anera del pueblo 23 de marzo del 2026I Parte 2\" width=\"500\" height=\"281\" src=\"https:\/\/www.youtube.com\/embed\/1A_38oyMhsk?feature=oembed\" frameborder=\"0\" allow=\"accelerometer; autoplay; clipboard-write; encrypted-media; gyroscope; picture-in-picture; web-share\" referrerpolicy=\"strict-origin-when-cross-origin\" allowfullscreen><\/iframe>\n<\/div><\/figure>\n","protected":false},"excerpt":{"rendered":"<p>Destacan acciones y resultados en bienestar, seguridad, salud y obra p\u00fablica durante la Ma\u00f1anera del Pueblo Durante la Ma\u00f1anera del Pueblo, encabezada por la presidenta municipal, Dra. Zorayda Robles, se dieron a conocer avances y acciones en materia de bienestar social, salud, seguridad, obra p\u00fablica, recaudaci\u00f3n y desarrollo econ\u00f3mico, adem\u00e1s de reiterar la invitaci\u00f3n a [&hellip;]<\/p>\n","protected":false},"author":4,"featured_media":33899,"comment_status":"closed","ping_status":"closed","sticky":false,"template":"","format":"standard","meta":{"_jetpack_memberships_contains_paid_content":false,"footnotes":""},"categories":[48,15],"tags":[],"class_list":["post-33896","post","type-post","status-publish","format-standard","has-post-thumbnail","hentry","category-mananeras-apan","category-prensa"],"jetpack_featured_media_url":"https:\/\/i0.wp.com\/apan.gob.mx\/portal\/wp-content\/uploads\/2026\/03\/Lunes-23-de-marzo-de-2026.jpg-1-scaled.jpeg?fit=2560%2C1440&ssl=1","jetpack_sharing_enabled":true,"_links":{"self":[{"href":"https:\/\/apan.gob.mx\/portal\/wp-json\/wp\/v2\/posts\/33896","targetHints":{"allow":["GET"]}}],"collection":[{"href":"https:\/\/apan.gob.mx\/portal\/wp-json\/wp\/v2\/posts"}],"about":[{"href":"https:\/\/apan.gob.mx\/portal\/wp-json\/wp\/v2\/types\/post"}],"author":[{"embeddable":true,"href":"https:\/\/apan.gob.mx\/portal\/wp-json\/wp\/v2\/users\/4"}],"replies":[{"embeddable":true,"href":"https:\/\/apan.gob.mx\/portal\/wp-json\/wp\/v2\/comments?post=33896"}],"version-history":[{"count":1,"href":"https:\/\/apan.gob.mx\/portal\/wp-json\/wp\/v2\/posts\/33896\/revisions"}],"predecessor-version":[{"id":33900,"href":"https:\/\/apan.gob.mx\/portal\/wp-json\/wp\/v2\/posts\/33896\/revisions\/33900"}],"wp:featuredmedia":[{"embeddable":true,"href":"https:\/\/apan.gob.mx\/portal\/wp-json\/wp\/v2\/media\/33899"}],"wp:attachment":[{"href":"https:\/\/apan.gob.mx\/portal\/wp-json\/wp\/v2\/media?parent=33896"}],"wp:term":[{"taxonomy":"category","embeddable":true,"href":"https:\/\/apan.gob.mx\/portal\/wp-json\/wp\/v2\/categories?post=33896"},{"taxonomy":"post_tag","embeddable":true,"href":"https:\/\/apan.gob.mx\/portal\/wp-json\/wp\/v2\/tags?post=33896"}],"curies":[{"name":"wp","href":"https:\/\/api.w.org\/{rel}","templated":true}]}}