{"id":33954,"date":"2026-03-30T15:58:16","date_gmt":"2026-03-30T21:58:16","guid":{"rendered":"https:\/\/apan.gob.mx\/portal\/?p=33954"},"modified":"2026-04-02T15:36:54","modified_gmt":"2026-04-02T21:36:54","slug":"mananera-del-pueblo-30-de-marzo-de-2026","status":"publish","type":"post","link":"https:\/\/apan.gob.mx\/portal\/2026\/03\/30\/mananera-del-pueblo-30-de-marzo-de-2026\/","title":{"rendered":"MA\u00d1ANERA DEL PUEBLO 30 DE MARZO DE 2026"},"content":{"rendered":"\n<p><em>Se presentan avances en bienestar y salud, as\u00ed como en seguridad y obra p\u00fablica, adem\u00e1s del inicio de la Feria del Maguey, la Cebada y el Pulque, durante la Ma\u00f1anera del Pueblo.<\/em><\/p>\n\n\n\n<p class=\"has-text-align-justify\">Durante la Ma\u00f1anera del Pueblo encabezada por la presidenta municipal, Dra. Zorayda Robles, se presentaron los avances, actividades y resultados m\u00e1s relevantes en distintos rubros del gobierno municipal.<\/p>\n\n\n\n<p class=\"has-text-align-justify\">En su mensaje inicial, la presidenta destac\u00f3 el \u00e9xito del Pulque Fest 2026, el cual dio inicio con un desfile cultural en el que participaron los Charros de Apan, los Cornudos de Calnali y la comparsa de Tenango de Doria, agradeciendo la presencia de municipios hermanos que enriquecieron este importante evento.<\/p>\n\n\n\n<p class=\"has-text-align-justify\">Asimismo, se resalt\u00f3 la participaci\u00f3n de productores y pulqueros provenientes de Calpulalpan, Nanacamilpa, los Llanos de Apan y la Ciudad de M\u00e9xico, consolidando este festival como un espacio de promoci\u00f3n cultural y tradici\u00f3n. El evento cont\u00f3 tambi\u00e9n con la presentaci\u00f3n art\u00edstica de Vely Harley y Triby y su Banda Mifi, quienes amenizaron esta celebraci\u00f3n enmarcada dentro de la Feria del Maguey, la Cebada y el Pulque.<\/p>\n\n\n\n<p class=\"has-text-align-justify\">Por su parte, el director de Cultura, Lic. Alejandro Gu\u00edzar, inform\u00f3 que la feria inici\u00f3 con gran \u00e9xito el pasado s\u00e1bado, destacando la presentaci\u00f3n estelar de Campeche Show, con una importante asistencia ciudadana, reiterando la invitaci\u00f3n a toda la poblaci\u00f3n para seguir disfrutando de las actividades.<\/p>\n\n\n\n<p class=\"has-text-align-justify\">En materia de inclusi\u00f3n, se inform\u00f3 sobre la capacitaci\u00f3n impartida por el director estatal de diversidad sexogen\u00e9rica, Miguel \u00c1ngel Tenorio Trejo, enfocada en el reconocimiento de identidad de g\u00e9nero, dirigida al personal del Registro Civil, con el objetivo de fortalecer una atenci\u00f3n m\u00e1s incluyente y respetuosa para todas las personas.<\/p>\n\n\n\n<p class=\"has-text-align-justify\">En temas de seguridad, la presidenta destac\u00f3 su participaci\u00f3n en la Mesa de la Paz interestatal, junto con autoridades de Hidalgo, Puebla, Tlaxcala y Veracruz, donde se abordaron estrategias para la prevenci\u00f3n del robo de veh\u00edculos.<\/p>\n\n\n\n<p class=\"has-text-align-justify\">Respecto al manejo de residuos, se reiter\u00f3 que el municipio continuar\u00e1 con la administraci\u00f3n del relleno sanitario, descartando v\u00ednculos con empresas externas. Este nuevo esquema busca evitar da\u00f1os ambientales generados en el pasado y garantizar un manejo responsable en beneficio de la poblaci\u00f3n.<\/p>\n\n\n\n<p class=\"has-text-align-justify\">En materia educativa, se anunci\u00f3 que Apan ser\u00e1 sede de una nueva preparatoria \u201cMargarita Fragoso\u201d, actualmente en proceso de definici\u00f3n del espacio para su construcci\u00f3n.<\/p>\n\n\n\n<p>En infraestructura, se inform\u00f3 que el Rastro Municipal ha sido concluido al 100%, fortaleciendo las condiciones sanitarias y operativas del servicio.<\/p>\n\n\n\n<p class=\"has-text-align-justify\">En el \u00e1mbito de salud, el coordinador municipal, Dr. Luis Mario Vigueras, inform\u00f3 que no se han registrado nuevos casos de sarampi\u00f3n. Adem\u00e1s, destac\u00f3 que se han realizado 2,717 esterilizaciones caninas y felinas, lo que ha permitido evitar aproximadamente 8,930 nacimientos, contribuyendo a la salud p\u00fablica.<\/p>\n\n\n\n<p class=\"has-text-align-justify\">Por su parte, el presidente del Sistema DIF Municipal, Dr. Neptal\u00ed Reyes Bola\u00f1os, present\u00f3 los avances en las Casas de Salud del municipio, destacando que se ha realizado una identificaci\u00f3n puntual de necesidades en diversas localidades como San Sebasti\u00e1n, Acopinalco y Lomas del Pedregal, lo que ha permitido detectar problem\u00e1ticas, priorizar la atenci\u00f3n y planificar de manera m\u00e1s eficiente los recursos. En cuanto a infraestructura, se inform\u00f3 que actualmente cuatro casas de salud han sido rehabilitadas al cien por ciento y tres m\u00e1s se encuentran en proceso durante el presente a\u00f1o, contemplando trabajos de impermeabilizaci\u00f3n, pintura, instalaci\u00f3n de internet, as\u00ed como la dotaci\u00f3n de mobiliario b\u00e1sico y material m\u00e9dico.<\/p>\n\n\n\n<p class=\"has-text-align-justify\">Asimismo, se avanza en el equipamiento de estos espacios con herramientas esenciales para la atenci\u00f3n primaria, tales como estetoscopios, term\u00f3metros infrarrojos, ox\u00edmetros, gluc\u00f3metros y nebulizadores. En materia de operaci\u00f3n, se garantiza el abasto de medicamentos b\u00e1sicos mediante coordinaci\u00f3n institucional y un convenio de apoyo con FarmaAmigo, adem\u00e1s de mantener comunicaci\u00f3n constante para el seguimiento de pacientes a trav\u00e9s de herramientas digitales como WhatsApp, en conjunto con el DIF Municipal y el \u00e1rea de Sanidad.<\/p>\n\n\n\n<p class=\"has-text-align-justify\">De igual forma, se han implementado brigadas y servicios de salud en las comunidades, brindando atenci\u00f3n en \u00e1reas como odontolog\u00eda, citolog\u00edas, exploraci\u00f3n para la detecci\u00f3n de c\u00e1ncer de mama y consulta general, adem\u00e1s de incluir acciones de salud animal con atenci\u00f3n a mascotas y apoyo en traslados m\u00e9dicos peri\u00f3dicos. Como parte de una segunda etapa, se contempla la implementaci\u00f3n de un modelo de telemedicina municipal, el cual permitir\u00e1 ofrecer atenci\u00f3n m\u00e9dica remota, teleeducaci\u00f3n en salud, evaluaci\u00f3n cl\u00ednica a distancia y canalizaci\u00f3n oportuna de pacientes a centros de salud u hospitales.<\/p>\n\n\n\n<p class=\"has-text-align-justify\">Este proyecto se complementa con el desarrollo de una plataforma digital de triage comunitario, que incluir\u00e1 un sistema tecnol\u00f3gico con registro de pacientes, formularios de ingreso, seguimiento de casos y comunicaci\u00f3n directa mediante chat municipal y por cada casa de salud, respaldado por infraestructura tecnol\u00f3gica que considera una computadora central, tabletas en cada unidad y herramientas de capacitaci\u00f3n. Se proyecta la consolidaci\u00f3n de una red de telemedicina municipal conectada a trav\u00e9s de internet, integrando al personal m\u00e9dico, auxiliares de salud y a la poblaci\u00f3n, con un enfoque en la prevenci\u00f3n, la educaci\u00f3n y la atenci\u00f3n oportuna.<\/p>\n\n\n\n<p class=\"has-text-align-justify\">Finalmente, se destac\u00f3 la realizaci\u00f3n de actividades dirigidas a las personas adultas mayores, como la reciente coronaci\u00f3n de la reina del grupo, en la que participaron agrupaciones como \u201cAlegre Juventud\u201d, \u201cSiempre J\u00f3venes\u201d de Chimalapa, \u201cRenacer de la Juventud de Oro\u201d en C\u00e1rdenas, entre otros, fortaleciendo la convivencia, la inclusi\u00f3n y el tejido social en este sector de la poblaci\u00f3n.<\/p>\n\n\n\n<figure class=\"wp-block-embed is-type-video is-provider-youtube wp-block-embed-youtube wp-embed-aspect-16-9 wp-has-aspect-ratio\"><div class=\"wp-block-embed__wrapper\">\n<iframe title=\"Ma\u00f1anera del 30 de marzo del 2026\" width=\"500\" height=\"281\" src=\"https:\/\/www.youtube.com\/embed\/cPVOxrWCy-g?feature=oembed\" frameborder=\"0\" allow=\"accelerometer; autoplay; clipboard-write; encrypted-media; gyroscope; picture-in-picture; web-share\" referrerpolicy=\"strict-origin-when-cross-origin\" allowfullscreen><\/iframe>\n<\/div><\/figure>\n","protected":false},"excerpt":{"rendered":"<p>Se presentan avances en bienestar y salud, as\u00ed como en seguridad y obra p\u00fablica, adem\u00e1s del inicio de la Feria del Maguey, la Cebada y el Pulque, durante la Ma\u00f1anera del Pueblo. Durante la Ma\u00f1anera del Pueblo encabezada por la presidenta municipal, Dra. Zorayda Robles, se presentaron los avances, actividades y resultados m\u00e1s relevantes en [&hellip;]<\/p>\n","protected":false},"author":4,"featured_media":33959,"comment_status":"closed","ping_status":"closed","sticky":false,"template":"","format":"standard","meta":{"_jetpack_memberships_contains_paid_content":false,"footnotes":""},"categories":[48,15],"tags":[],"class_list":["post-33954","post","type-post","status-publish","format-standard","has-post-thumbnail","hentry","category-mananeras-apan","category-prensa"],"jetpack_featured_media_url":"https:\/\/i0.wp.com\/apan.gob.mx\/portal\/wp-content\/uploads\/2026\/03\/1.1-5.png?fit=1417%2C798&ssl=1","jetpack_sharing_enabled":true,"_links":{"self":[{"href":"https:\/\/apan.gob.mx\/portal\/wp-json\/wp\/v2\/posts\/33954","targetHints":{"allow":["GET"]}}],"collection":[{"href":"https:\/\/apan.gob.mx\/portal\/wp-json\/wp\/v2\/posts"}],"about":[{"href":"https:\/\/apan.gob.mx\/portal\/wp-json\/wp\/v2\/types\/post"}],"author":[{"embeddable":true,"href":"https:\/\/apan.gob.mx\/portal\/wp-json\/wp\/v2\/users\/4"}],"replies":[{"embeddable":true,"href":"https:\/\/apan.gob.mx\/portal\/wp-json\/wp\/v2\/comments?post=33954"}],"version-history":[{"count":1,"href":"https:\/\/apan.gob.mx\/portal\/wp-json\/wp\/v2\/posts\/33954\/revisions"}],"predecessor-version":[{"id":33960,"href":"https:\/\/apan.gob.mx\/portal\/wp-json\/wp\/v2\/posts\/33954\/revisions\/33960"}],"wp:featuredmedia":[{"embeddable":true,"href":"https:\/\/apan.gob.mx\/portal\/wp-json\/wp\/v2\/media\/33959"}],"wp:attachment":[{"href":"https:\/\/apan.gob.mx\/portal\/wp-json\/wp\/v2\/media?parent=33954"}],"wp:term":[{"taxonomy":"category","embeddable":true,"href":"https:\/\/apan.gob.mx\/portal\/wp-json\/wp\/v2\/categories?post=33954"},{"taxonomy":"post_tag","embeddable":true,"href":"https:\/\/apan.gob.mx\/portal\/wp-json\/wp\/v2\/tags?post=33954"}],"curies":[{"name":"wp","href":"https:\/\/api.w.org\/{rel}","templated":true}]}}