{"id":33966,"date":"2026-03-25T15:28:14","date_gmt":"2026-03-25T21:28:14","guid":{"rendered":"https:\/\/apan.gob.mx\/portal\/?p=33966"},"modified":"2026-04-02T15:34:25","modified_gmt":"2026-04-02T21:34:25","slug":"realizan-caminata-silenciosa-en-el-marco-del-dia-naranja","status":"publish","type":"post","link":"https:\/\/apan.gob.mx\/portal\/2026\/03\/25\/realizan-caminata-silenciosa-en-el-marco-del-dia-naranja\/","title":{"rendered":"Realizan caminata silenciosa en el marco del D\u00eda Naranja"},"content":{"rendered":"\n<p class=\"has-text-align-justify\">En el marco del D\u00eda Naranja, este d\u00eda se llev\u00f3 a cabo una caminata silenciosa organizada por el Sistema DIF Municipal de Apan, encabezada por la Dra. Mar\u00eda Zorayda Robles Barrera, con el prop\u00f3sito de generar conciencia sobre la erradicaci\u00f3n de la violencia contra mujeres, ni\u00f1as y adolescentes.<\/p>\n\n\n\n<p class=\"has-text-align-justify\">La actividad cont\u00f3 con la participaci\u00f3n de personal del Sistema DIF, as\u00ed como de ciudadanas y ciudadanos que se sumaron a esta causa, refrendando el compromiso colectivo de promover una cultura de respeto, igualdad y no violencia.<\/p>\n\n\n\n<div class=\"wp-block-jetpack-tiled-gallery aligncenter is-style-rectangular\"><div class=\"tiled-gallery__gallery\"><div class=\"tiled-gallery__row\"><div class=\"tiled-gallery__col\" style=\"flex-basis:66.79360%\"><figure class=\"tiled-gallery__item\"><img decoding=\"async\" srcset=\"https:\/\/i2.wp.com\/apan.gob.mx\/portal\/wp-content\/uploads\/2026\/04\/1.1-1024x683.jpg?strip=info&#038;w=600&#038;ssl=1 600w,https:\/\/i2.wp.com\/apan.gob.mx\/portal\/wp-content\/uploads\/2026\/04\/1.1-1024x683.jpg?strip=info&#038;w=900&#038;ssl=1 900w,https:\/\/i2.wp.com\/apan.gob.mx\/portal\/wp-content\/uploads\/2026\/04\/1.1-1024x683.jpg?strip=info&#038;w=1200&#038;ssl=1 1200w,https:\/\/i2.wp.com\/apan.gob.mx\/portal\/wp-content\/uploads\/2026\/04\/1.1-1024x683.jpg?strip=info&#038;w=1500&#038;ssl=1 1500w,https:\/\/i2.wp.com\/apan.gob.mx\/portal\/wp-content\/uploads\/2026\/04\/1.1-1024x683.jpg?strip=info&#038;w=1800&#038;ssl=1 1800w,https:\/\/i2.wp.com\/apan.gob.mx\/portal\/wp-content\/uploads\/2026\/04\/1.1-1024x683.jpg?strip=info&#038;w=2000&#038;ssl=1 2000w\" alt=\"\" data-height=\"1365\" data-id=\"33967\" data-link=\"https:\/\/apan.gob.mx\/portal\/?attachment_id=33967\" data-url=\"https:\/\/apan.gob.mx\/portal\/wp-content\/uploads\/2026\/04\/1.1-1024x683.jpg\" data-width=\"2048\" src=\"https:\/\/i2.wp.com\/apan.gob.mx\/portal\/wp-content\/uploads\/2026\/04\/1.1-1024x683.jpg?ssl=1\" data-amp-layout=\"responsive\" \/><\/figure><\/div><div class=\"tiled-gallery__col\" style=\"flex-basis:33.20640%\"><figure class=\"tiled-gallery__item\"><img decoding=\"async\" srcset=\"https:\/\/i0.wp.com\/apan.gob.mx\/portal\/wp-content\/uploads\/2026\/04\/1.2-1024x683.jpg?strip=info&#038;w=600&#038;ssl=1 600w,https:\/\/i0.wp.com\/apan.gob.mx\/portal\/wp-content\/uploads\/2026\/04\/1.2-1024x683.jpg?strip=info&#038;w=900&#038;ssl=1 900w,https:\/\/i0.wp.com\/apan.gob.mx\/portal\/wp-content\/uploads\/2026\/04\/1.2-1024x683.jpg?strip=info&#038;w=1200&#038;ssl=1 1200w,https:\/\/i0.wp.com\/apan.gob.mx\/portal\/wp-content\/uploads\/2026\/04\/1.2-1024x683.jpg?strip=info&#038;w=1500&#038;ssl=1 1500w,https:\/\/i0.wp.com\/apan.gob.mx\/portal\/wp-content\/uploads\/2026\/04\/1.2-1024x683.jpg?strip=info&#038;w=1800&#038;ssl=1 1800w,https:\/\/i0.wp.com\/apan.gob.mx\/portal\/wp-content\/uploads\/2026\/04\/1.2-1024x683.jpg?strip=info&#038;w=2000&#038;ssl=1 2000w\" alt=\"\" data-height=\"1365\" data-id=\"33968\" data-link=\"https:\/\/apan.gob.mx\/portal\/?attachment_id=33968\" data-url=\"https:\/\/apan.gob.mx\/portal\/wp-content\/uploads\/2026\/04\/1.2-1024x683.jpg\" data-width=\"2048\" src=\"https:\/\/i0.wp.com\/apan.gob.mx\/portal\/wp-content\/uploads\/2026\/04\/1.2-1024x683.jpg?ssl=1\" data-amp-layout=\"responsive\" \/><\/figure><figure class=\"tiled-gallery__item\"><img decoding=\"async\" srcset=\"https:\/\/i2.wp.com\/apan.gob.mx\/portal\/wp-content\/uploads\/2026\/04\/1.3-1024x683.jpg?strip=info&#038;w=600&#038;ssl=1 600w,https:\/\/i2.wp.com\/apan.gob.mx\/portal\/wp-content\/uploads\/2026\/04\/1.3-1024x683.jpg?strip=info&#038;w=900&#038;ssl=1 900w,https:\/\/i2.wp.com\/apan.gob.mx\/portal\/wp-content\/uploads\/2026\/04\/1.3-1024x683.jpg?strip=info&#038;w=1200&#038;ssl=1 1200w,https:\/\/i2.wp.com\/apan.gob.mx\/portal\/wp-content\/uploads\/2026\/04\/1.3-1024x683.jpg?strip=info&#038;w=1500&#038;ssl=1 1500w,https:\/\/i2.wp.com\/apan.gob.mx\/portal\/wp-content\/uploads\/2026\/04\/1.3-1024x683.jpg?strip=info&#038;w=1800&#038;ssl=1 1800w,https:\/\/i2.wp.com\/apan.gob.mx\/portal\/wp-content\/uploads\/2026\/04\/1.3-1024x683.jpg?strip=info&#038;w=2000&#038;ssl=1 2000w\" alt=\"\" data-height=\"1365\" data-id=\"33970\" data-link=\"https:\/\/apan.gob.mx\/portal\/?attachment_id=33970\" data-url=\"https:\/\/apan.gob.mx\/portal\/wp-content\/uploads\/2026\/04\/1.3-1024x683.jpg\" data-width=\"2048\" src=\"https:\/\/i2.wp.com\/apan.gob.mx\/portal\/wp-content\/uploads\/2026\/04\/1.3-1024x683.jpg?ssl=1\" data-amp-layout=\"responsive\" \/><\/figure><\/div><\/div><\/div><\/div>\n\n\n\n<p class=\"has-text-align-justify\">El D\u00eda Naranja, conmemorado el 25 de cada mes, representa un llamado permanente a la reflexi\u00f3n y a la acci\u00f3n, recordando que la violencia de g\u00e9nero es una problem\u00e1tica que debe atenderse de manera continua desde todos los \u00e1mbitos: en el hogar, en las instituciones y en la sociedad en su conjunto.<\/p>\n\n\n\n<p class=\"has-text-align-justify\">A trav\u00e9s de estas acciones, el Gobierno Municipal de Apan reafirma su compromiso de impulsar entornos seguros, incluyentes y libres de violencia, fortaleciendo estrategias orientadas a la prevenci\u00f3n, atenci\u00f3n y erradicaci\u00f3n de cualquier forma de agresi\u00f3n.<\/p>\n","protected":false},"excerpt":{"rendered":"<p>En el marco del D\u00eda Naranja, este d\u00eda se llev\u00f3 a cabo una caminata silenciosa organizada por el Sistema DIF Municipal de Apan, encabezada por la Dra. Mar\u00eda Zorayda Robles Barrera, con el prop\u00f3sito de generar conciencia sobre la erradicaci\u00f3n de la violencia contra mujeres, ni\u00f1as y adolescentes. La actividad cont\u00f3 con la participaci\u00f3n de [&hellip;]<\/p>\n","protected":false},"author":4,"featured_media":33971,"comment_status":"closed","ping_status":"closed","sticky":false,"template":"","format":"standard","meta":{"_jetpack_memberships_contains_paid_content":false,"footnotes":""},"categories":[52,15],"tags":[],"class_list":["post-33966","post","type-post","status-publish","format-standard","has-post-thumbnail","hentry","category-deporte-inclusion-apan","category-prensa"],"jetpack_featured_media_url":"https:\/\/i0.wp.com\/apan.gob.mx\/portal\/wp-content\/uploads\/2026\/04\/1.4.jpg?fit=2048%2C1365&ssl=1","jetpack_sharing_enabled":true,"_links":{"self":[{"href":"https:\/\/apan.gob.mx\/portal\/wp-json\/wp\/v2\/posts\/33966","targetHints":{"allow":["GET"]}}],"collection":[{"href":"https:\/\/apan.gob.mx\/portal\/wp-json\/wp\/v2\/posts"}],"about":[{"href":"https:\/\/apan.gob.mx\/portal\/wp-json\/wp\/v2\/types\/post"}],"author":[{"embeddable":true,"href":"https:\/\/apan.gob.mx\/portal\/wp-json\/wp\/v2\/users\/4"}],"replies":[{"embeddable":true,"href":"https:\/\/apan.gob.mx\/portal\/wp-json\/wp\/v2\/comments?post=33966"}],"version-history":[{"count":1,"href":"https:\/\/apan.gob.mx\/portal\/wp-json\/wp\/v2\/posts\/33966\/revisions"}],"predecessor-version":[{"id":33972,"href":"https:\/\/apan.gob.mx\/portal\/wp-json\/wp\/v2\/posts\/33966\/revisions\/33972"}],"wp:featuredmedia":[{"embeddable":true,"href":"https:\/\/apan.gob.mx\/portal\/wp-json\/wp\/v2\/media\/33971"}],"wp:attachment":[{"href":"https:\/\/apan.gob.mx\/portal\/wp-json\/wp\/v2\/media?parent=33966"}],"wp:term":[{"taxonomy":"category","embeddable":true,"href":"https:\/\/apan.gob.mx\/portal\/wp-json\/wp\/v2\/categories?post=33966"},{"taxonomy":"post_tag","embeddable":true,"href":"https:\/\/apan.gob.mx\/portal\/wp-json\/wp\/v2\/tags?post=33966"}],"curies":[{"name":"wp","href":"https:\/\/api.w.org\/{rel}","templated":true}]}}